{"id":81473,"date":"2023-07-04T16:16:38","date_gmt":"2023-07-04T11:16:38","guid":{"rendered":"https:\/\/zamanturkmenistan.com.tm\/?p=81473"},"modified":"2023-07-04T16:39:51","modified_gmt":"2023-07-04T11:39:51","slug":"turkmenistanyn-prezidenti-shg-nin-sammitine-gatnasdy-2","status":"publish","type":"post","link":"https:\/\/zamanturkmenistan.com.tm\/?p=81473","title":{"rendered":"T\u00fcrkmenistany\u0148 Prezidenti \u015eHG-ni\u0148 sammitine gatna\u015fdy"},"content":{"rendered":"<p>Ozal ha\u00adbar<a href=\"https:\/\/zamanturkmenistan.com.tm\/?p=81407\"> ber\u00ad\u015fi\u00admiz<\/a> \u00fda\u00adly, \u015ean\u00adha\u00fd Hyz\u00admat\u00adda\u015f\u00adlyk Gu\u00adra\u00adma\u00adsy\u00adna (\u015eHG) ag\u00adza \u00fdurt\u00adla\u00adry\u0148 d\u00f6w\u00adlet Ba\u015f\u00adtu\u00adtan\u00adla\u00adry\u00adny\u0148 ge\u00ad\u0148e\u00ad\u015fi\u00adni\u0148 23-nji mas\u00adla\u00adha\u00adty Hin\u00addis\u00adtan\u00adda on\u00adla\u00fdn \u00fdag\u00adda\u00fd\u00adda ge\u00ad\u00e7i\u00adril\u00addi. Hin\u00addis\u00adta\u00adny\u0148 Prem\u00ad\u00fder-mi\u00adnist\u00adri Na\u00adrend\u00adra Mo\u00addi\u00adni\u0148 ba\u015f\u00adlyk\u00adlyk et\u00adme\u00adgin\u00adde ge\u00ad\u00e7i\u00adril\u00ad\u00fd\u00e4n on\u00adla\u00fdn sam\u00admi\u00adte T\u00fcrk\u00adme\u00adnis\u00adta\u00adny\u0148 Pre\u00adzi\u00adden\u00adti Ser\u00addar Berdimuhamedow hor\u00admat\u00adly myh\u00adman h\u00f6k\u00adm\u00fcn\u00adde gat\u00adna\u015f\u00addy.<br \/>\nBu on\u00adla\u00fdn sam\u00admi\u00adte Rus\u00adsi\u00ad\u00fda\u00adny\u0148 Pre\u00adzi\u00adden\u00adti Wla\u00addi\u00admir Pu\u00adtin, Ga\u00adza\u00adgys\u00adta\u00adny\u0148 Pre\u00adzi\u00adden\u00adti Ka\u00adsym-\u017do\u00admart To\u00adka\u00ad\u00fdew, Gyr\u00adgyz Res\u00adpub\u00adli\u00adka\u00adsy\u00adny\u0148 Pre\u00adzi\u00adden\u00adti Sa\u00addyr \u017da\u00adpa\u00adrow, HHR-i\u0148 Ba\u015f\u00adly\u00adgy Si Szin\u00adpin, Pa\u00adkis\u00adta\u00adny\u0148 Prem\u00ad\u00fder-mi\u00adnist\u00adri \u015eeh\u00adbaz \u015ea\u00adrif, T\u00e4\u00adji\u00adgis\u00adtan Pre\u00adzi\u00adden\u00adti Emo\u00adma\u00adli Rah\u00admon, \u00d6z\u00adbe\u00adgis\u00adta\u00adny\u0148 Pre\u00adzi\u00adden\u00adti \u015eaw\u00adkat Mir\u00adzi\u00ad\u00fdo\u00ad\u00fdew gat\u00adna\u015f\u00addy.<br \/>\n\u015ee\u00fd\u00adle hem bu sam\u00admi\u00adte gu\u00adra\u00adma syn\u00ad\u00e7y h\u00f6k\u00adm\u00fcn\u00adde gat\u00adna\u015f\u00ad\u00fdan \u00fdurt\u00adla\u00adry\u0148 d\u00f6w\u00adlet Ba\u015f\u00adtu\u00adtan\u00adla\u00adry \u2013 Be\u00adla\u00adrus Res\u00adpub\u00adli\u00adka\u00adsy\u00adny\u0148 Pre\u00adzi\u00adden\u00adti Alek\u00adsandr Lu\u00adka\u00ad\u015fen\u00adko, E\u00fd\u00adra\u00adny\u0148 Pre\u00adzi\u00adden\u00adti Eb\u00adra\u00adhim Rai\u00adsi we Mon\u00adgo\u00adli\u00ad\u00fda\u00adny\u0148 Pre\u00adzi\u00adden\u00adti Uh\u00adna\u00adgi\u00fdn Hu\u00adrel\u00adsuh gat\u00adna\u015f\u00addy.<br \/>\nMun\u00addan ba\u015f\u00adga-da, bu sam\u00admi\u00adte k\u00f6p san\u00adly hal\u00adka\u00adra gu\u00adra\u00adma\u00adla\u00adry\u0148 we se\u00adbit gu\u00adra\u00adma\u00adla\u00adry\u0148 \u00fdol\u00adba\u015f\u00ad\u00e7y\u00adla\u00adry gat\u00adna\u015f\u00addy.<\/p>\n<p>Bu barada \u201cReuters\u201d agentligi habar ber\u00fd\u00e4r.<\/p>\n","protected":false},"excerpt":{"rendered":"<p>Ozal ha\u00adbar ber\u00ad\u015fi\u00admiz \u00fda\u00adly, \u015ean\u00adha\u00fd Hyz\u00admat\u00adda\u015f\u00adlyk Gu\u00adra\u00adma\u00adsy\u00adna (\u015eHG) ag\u00adza \u00fdurt\u00adla\u00adry\u0148 d\u00f6w\u00adlet Ba\u015f\u00adtu\u00adtan\u00adla\u00adry\u00adny\u0148 ge\u00ad\u0148e\u00ad\u015fi\u00adni\u0148 23-nji mas\u00adla\u00adha\u00adty Hin\u00addis\u00adtan\u00adda on\u00adla\u00fdn \u00fdag\u00adda\u00fd\u00adda ge\u00ad\u00e7i\u00adril\u00addi. Hin\u00addis\u00adta\u00adny\u0148 Prem\u00ad\u00fder-mi\u00adnist\u00adri Na\u00adrend\u00adra Mo\u00addi\u00adni\u0148 ba\u015f\u00adlyk\u00adlyk et\u00adme\u00adgin\u00adde ge\u00ad\u00e7i\u00adril\u00ad\u00fd\u00e4n on\u00adla\u00fdn sam\u00admi\u00adte T\u00fcrk\u00adme\u00adnis\u00adta\u00adny\u0148 Pre\u00adzi\u00adden\u00adti Ser\u00addar Berdimuhamedow hor\u00admat\u00adly myh\u00adman h\u00f6k\u00adm\u00fcn\u00adde gat\u00adna\u015f\u00addy. Bu on\u00adla\u00fdn sam\u00admi\u00adte Rus\u00adsi\u00ad\u00fda\u00adny\u0148 Pre\u00adzi\u00adden\u00adti Wla\u00addi\u00admir Pu\u00adtin, Ga\u00adza\u00adgys\u00adta\u00adny\u0148 Pre\u00adzi\u00adden\u00adti Ka\u00adsym-\u017do\u00admart To\u00adka\u00ad\u00fdew, Gyr\u00adgyz Res\u00adpub\u00adli\u00adka\u00adsy\u00adny\u0148 Pre\u00adzi\u00adden\u00adti Sa\u00addyr \u017da\u00adpa\u00adrow, HHR-i\u0148 Ba\u015f\u00adly\u00adgy Si [&hellip;]<\/p>\n","protected":false},"author":2,"featured_media":81474,"comment_status":"open","ping_status":"closed","sticky":false,"template":"","format":"standard","meta":{"footnotes":""},"categories":[3],"tags":[],"acf":[],"_links":{"self":[{"href":"https:\/\/zamanturkmenistan.com.tm\/index.php?rest_route=\/wp\/v2\/posts\/81473"}],"collection":[{"href":"https:\/\/zamanturkmenistan.com.tm\/index.php?rest_route=\/wp\/v2\/posts"}],"about":[{"href":"https:\/\/zamanturkmenistan.com.tm\/index.php?rest_route=\/wp\/v2\/types\/post"}],"author":[{"embeddable":true,"href":"https:\/\/zamanturkmenistan.com.tm\/index.php?rest_route=\/wp\/v2\/users\/2"}],"replies":[{"embeddable":true,"href":"https:\/\/zamanturkmenistan.com.tm\/index.php?rest_route=%2Fwp%2Fv2%2Fcomments&post=81473"}],"version-history":[{"count":2,"href":"https:\/\/zamanturkmenistan.com.tm\/index.php?rest_route=\/wp\/v2\/posts\/81473\/revisions"}],"predecessor-version":[{"id":81478,"href":"https:\/\/zamanturkmenistan.com.tm\/index.php?rest_route=\/wp\/v2\/posts\/81473\/revisions\/81478"}],"wp:featuredmedia":[{"embeddable":true,"href":"https:\/\/zamanturkmenistan.com.tm\/index.php?rest_route=\/wp\/v2\/media\/81474"}],"wp:attachment":[{"href":"https:\/\/zamanturkmenistan.com.tm\/index.php?rest_route=%2Fwp%2Fv2%2Fmedia&parent=81473"}],"wp:term":[{"taxonomy":"category","embeddable":true,"href":"https:\/\/zamanturkmenistan.com.tm\/index.php?rest_route=%2Fwp%2Fv2%2Fcategories&post=81473"},{"taxonomy":"post_tag","embeddable":true,"href":"https:\/\/zamanturkmenistan.com.tm\/index.php?rest_route=%2Fwp%2Fv2%2Ftags&post=81473"}],"curies":[{"name":"wp","href":"https:\/\/api.w.org\/{rel}","templated":true}]}}