{"id":81507,"date":"2023-07-05T11:21:49","date_gmt":"2023-07-05T06:21:49","guid":{"rendered":"https:\/\/zamanturkmenistan.com.tm\/?p=81507"},"modified":"2023-07-05T11:21:49","modified_gmt":"2023-07-05T06:21:49","slug":"sanawyn-basyny-cekdi","status":"publish","type":"post","link":"https:\/\/zamanturkmenistan.com.tm\/?p=81507","title":{"rendered":"Sa\u00adna\u00adwy\u0148 ba\u00ad\u015fy\u00adny \u00e7ek\u00addi"},"content":{"rendered":"<p>\u015ea\u00adki\u00adra 2023-nji \u00fdyl\u00adda La\u00adtyn Ame\u00adri\u00adka\u00adsy\u00adny\u0148 i\u0148 owa\u00addan \u00fdyl\u00addy\u00adzy h\u00f6k\u00adm\u00fcn\u00adde yk\u00adrar edil\u00addi. A\u00fd\u00addym\u00ad\u00e7y \u00fde\u00adne kyrk do\u00adkuz me\u015f\u00adhur g\u00f6\u00adzel ze\u00adnan\u00addan \u00f6\u0148e sa\u00fd\u00adlan\u00addy. \u015ee\u00fdlelikde, ko\u00adlum\u00adbi\u00ad\u00fda\u00adly a\u00fd\u00addym\u00ad\u00e7y \u015ea\u00adki\u00adra, La\u00adtyn Ame\u00adri\u00adka\u00adsy\u00adny\u0148 t\u00e4\u00adze\u00adle\u00adnen \u00abI\u0148 owa\u00addan 50 ta\u00adny\u00admal\u00bb sa\u00adna\u00adwyn\u00adda bi\u00adrin\u00adji or\u00adny e\u00fde\u00adle\u00addi.<\/p>\n","protected":false},"excerpt":{"rendered":"<p>\u015ea\u00adki\u00adra 2023-nji \u00fdyl\u00adda La\u00adtyn Ame\u00adri\u00adka\u00adsy\u00adny\u0148 i\u0148 owa\u00addan \u00fdyl\u00addy\u00adzy h\u00f6k\u00adm\u00fcn\u00adde yk\u00adrar edil\u00addi. A\u00fd\u00addym\u00ad\u00e7y \u00fde\u00adne kyrk do\u00adkuz me\u015f\u00adhur g\u00f6\u00adzel ze\u00adnan\u00addan \u00f6\u0148e sa\u00fd\u00adlan\u00addy. \u015ee\u00fdlelikde, ko\u00adlum\u00adbi\u00ad\u00fda\u00adly a\u00fd\u00addym\u00ad\u00e7y \u015ea\u00adki\u00adra, La\u00adtyn Ame\u00adri\u00adka\u00adsy\u00adny\u0148 t\u00e4\u00adze\u00adle\u00adnen \u00abI\u0148 owa\u00addan 50 ta\u00adny\u00admal\u00bb sa\u00adna\u00adwyn\u00adda bi\u00adrin\u00adji or\u00adny e\u00fde\u00adle\u00addi.<\/p>\n","protected":false},"author":2,"featured_media":81508,"comment_status":"open","ping_status":"closed","sticky":false,"template":"","format":"standard","meta":{"footnotes":""},"categories":[5],"tags":[],"acf":[],"_links":{"self":[{"href":"https:\/\/zamanturkmenistan.com.tm\/index.php?rest_route=\/wp\/v2\/posts\/81507"}],"collection":[{"href":"https:\/\/zamanturkmenistan.com.tm\/index.php?rest_route=\/wp\/v2\/posts"}],"about":[{"href":"https:\/\/zamanturkmenistan.com.tm\/index.php?rest_route=\/wp\/v2\/types\/post"}],"author":[{"embeddable":true,"href":"https:\/\/zamanturkmenistan.com.tm\/index.php?rest_route=\/wp\/v2\/users\/2"}],"replies":[{"embeddable":true,"href":"https:\/\/zamanturkmenistan.com.tm\/index.php?rest_route=%2Fwp%2Fv2%2Fcomments&post=81507"}],"version-history":[{"count":1,"href":"https:\/\/zamanturkmenistan.com.tm\/index.php?rest_route=\/wp\/v2\/posts\/81507\/revisions"}],"predecessor-version":[{"id":81509,"href":"https:\/\/zamanturkmenistan.com.tm\/index.php?rest_route=\/wp\/v2\/posts\/81507\/revisions\/81509"}],"wp:featuredmedia":[{"embeddable":true,"href":"https:\/\/zamanturkmenistan.com.tm\/index.php?rest_route=\/wp\/v2\/media\/81508"}],"wp:attachment":[{"href":"https:\/\/zamanturkmenistan.com.tm\/index.php?rest_route=%2Fwp%2Fv2%2Fmedia&parent=81507"}],"wp:term":[{"taxonomy":"category","embeddable":true,"href":"https:\/\/zamanturkmenistan.com.tm\/index.php?rest_route=%2Fwp%2Fv2%2Fcategories&post=81507"},{"taxonomy":"post_tag","embeddable":true,"href":"https:\/\/zamanturkmenistan.com.tm\/index.php?rest_route=%2Fwp%2Fv2%2Ftags&post=81507"}],"curies":[{"name":"wp","href":"https:\/\/api.w.org\/{rel}","templated":true}]}}