{"id":81512,"date":"2023-07-05T11:23:36","date_gmt":"2023-07-05T06:23:36","guid":{"rendered":"https:\/\/zamanturkmenistan.com.tm\/?p=81512"},"modified":"2023-07-05T11:23:36","modified_gmt":"2023-07-05T06:23:36","slug":"yitirilen-saher-tapyldy-2","status":"publish","type":"post","link":"https:\/\/zamanturkmenistan.com.tm\/?p=81512","title":{"rendered":"\u00ddi\u00adti\u00adri\u00adlen \u015f\u00e4\u00adher ta\u00adpyl\u00addy"},"content":{"rendered":"<p>Mek\u00adsi\u00adka\u00adda\u00adky \u00ddu\u00adka\u00adtan \u00fda\u00adry\u00adma\u00adda\u00adsy\u00adny\u0148 tro\u00adpi\u00adk to\u00adka\u00fd\u00adlyk\u00adla\u00adryn\u00adda ar\u00adheo\u00adlog\u00adlar ma\u00fd\u00ad\u00fda\u00adla\u00adry\u0148 \u00fdi\u00adti\u00adri\u00adlen \u015f\u00e4\u00adhe\u00adri\u00adni tap\u00addy\u00adlar. Ta\u00adpy\u00adlan \u015f\u00e4\u00adher Oko\u00admu\u00adtun di\u00fd\u00adlip at\u00adlan\u00addy\u00adryl\u00addy, ol bu \u00fder\u00adde \u00fda\u00ad\u015fa\u00ad\u00fdan \u00fderli ta\u00fdpany\u0148 di\u00adlin\u00adden ter\u00adji\u00adme edi\u00adlen\u00adde, \u00abda\u015f s\u00fc\u00adt\u00fcn\u00bb di\u00fd\u00adme\u00adgi a\u0148\u00adlad\u00ad\u00fdar. \u015e\u00e4\u00adher\u00adde \u00fda\u00ad\u015fa\u00ad\u00fdy\u015f top\u00adlum\u00adla\u00adry g\u00f6\u00adze il\u00ad\u00fd\u00e4r.<\/p>\n","protected":false},"excerpt":{"rendered":"<p>Mek\u00adsi\u00adka\u00adda\u00adky \u00ddu\u00adka\u00adtan \u00fda\u00adry\u00adma\u00adda\u00adsy\u00adny\u0148 tro\u00adpi\u00adk to\u00adka\u00fd\u00adlyk\u00adla\u00adryn\u00adda ar\u00adheo\u00adlog\u00adlar ma\u00fd\u00ad\u00fda\u00adla\u00adry\u0148 \u00fdi\u00adti\u00adri\u00adlen \u015f\u00e4\u00adhe\u00adri\u00adni tap\u00addy\u00adlar. Ta\u00adpy\u00adlan \u015f\u00e4\u00adher Oko\u00admu\u00adtun di\u00fd\u00adlip at\u00adlan\u00addy\u00adryl\u00addy, ol bu \u00fder\u00adde \u00fda\u00ad\u015fa\u00ad\u00fdan \u00fderli ta\u00fdpany\u0148 di\u00adlin\u00adden ter\u00adji\u00adme edi\u00adlen\u00adde, \u00abda\u015f s\u00fc\u00adt\u00fcn\u00bb di\u00fd\u00adme\u00adgi a\u0148\u00adlad\u00ad\u00fdar. \u015e\u00e4\u00adher\u00adde \u00fda\u00ad\u015fa\u00ad\u00fdy\u015f top\u00adlum\u00adla\u00adry g\u00f6\u00adze il\u00ad\u00fd\u00e4r.<\/p>\n","protected":false},"author":2,"featured_media":81513,"comment_status":"open","ping_status":"closed","sticky":false,"template":"","format":"standard","meta":{"footnotes":""},"categories":[5],"tags":[],"acf":[],"_links":{"self":[{"href":"https:\/\/zamanturkmenistan.com.tm\/index.php?rest_route=\/wp\/v2\/posts\/81512"}],"collection":[{"href":"https:\/\/zamanturkmenistan.com.tm\/index.php?rest_route=\/wp\/v2\/posts"}],"about":[{"href":"https:\/\/zamanturkmenistan.com.tm\/index.php?rest_route=\/wp\/v2\/types\/post"}],"author":[{"embeddable":true,"href":"https:\/\/zamanturkmenistan.com.tm\/index.php?rest_route=\/wp\/v2\/users\/2"}],"replies":[{"embeddable":true,"href":"https:\/\/zamanturkmenistan.com.tm\/index.php?rest_route=%2Fwp%2Fv2%2Fcomments&post=81512"}],"version-history":[{"count":1,"href":"https:\/\/zamanturkmenistan.com.tm\/index.php?rest_route=\/wp\/v2\/posts\/81512\/revisions"}],"predecessor-version":[{"id":81514,"href":"https:\/\/zamanturkmenistan.com.tm\/index.php?rest_route=\/wp\/v2\/posts\/81512\/revisions\/81514"}],"wp:featuredmedia":[{"embeddable":true,"href":"https:\/\/zamanturkmenistan.com.tm\/index.php?rest_route=\/wp\/v2\/media\/81513"}],"wp:attachment":[{"href":"https:\/\/zamanturkmenistan.com.tm\/index.php?rest_route=%2Fwp%2Fv2%2Fmedia&parent=81512"}],"wp:term":[{"taxonomy":"category","embeddable":true,"href":"https:\/\/zamanturkmenistan.com.tm\/index.php?rest_route=%2Fwp%2Fv2%2Fcategories&post=81512"},{"taxonomy":"post_tag","embeddable":true,"href":"https:\/\/zamanturkmenistan.com.tm\/index.php?rest_route=%2Fwp%2Fv2%2Ftags&post=81512"}],"curies":[{"name":"wp","href":"https:\/\/api.w.org\/{rel}","templated":true}]}}