{"id":81788,"date":"2023-07-09T09:45:43","date_gmt":"2023-07-09T04:45:43","guid":{"rendered":"https:\/\/zamanturkmenistan.com.tm\/?p=81788"},"modified":"2023-07-08T18:47:14","modified_gmt":"2023-07-08T13:47:14","slug":"aya-ucunji-ekspedisiyasyny-ugradar","status":"publish","type":"post","link":"https:\/\/zamanturkmenistan.com.tm\/?p=81788","title":{"rendered":"A\u00fda \u00fc\u00e7\u00fcnji ekspedisi\u00fdasyny ugradar"},"content":{"rendered":"<p>14-nji i\u00fdul\u00adda Hin\u00addis\u00adtan \u00f6z\u00fc\u00adni\u0148 \u00fc\u00e7\u00fcn\u00adji \u201c\u00c7and\u00adra\u00ad\u00fdan-3\u201d mil\u00adli aw\u00adto\u00adma\u00adti\u00adki eks\u00adpe\u00addi\u00adsi\u00ad\u00fda\u00adsy\u00adny A\u00fda u\u00e7u\u00adrar. Bu ba\u00adra\u00adda Hin\u00addis\u00adta\u00adny\u0148 kos\u00admos bar\u00adlag\u00adla\u00adry gu\u00adra\u00adma\u00adsy (IS\u00adRO) ha\u00adbar ber\u00addi. Mis\u00adsi\u00ad\u00fda ar\u00adka\u00adly A\u00fd ro\u00adwe\u00adri\u00adni A\u00fd or\u00adbi\u00adta\u00adsy\u00adna iber\u00admek g\u00f6z \u00f6\u0148\u00fcn\u00adde tu\u00adtul\u00ad\u00fdar.<\/p>\n","protected":false},"excerpt":{"rendered":"<p>14-nji i\u00fdul\u00adda Hin\u00addis\u00adtan \u00f6z\u00fc\u00adni\u0148 \u00fc\u00e7\u00fcn\u00adji \u201c\u00c7and\u00adra\u00ad\u00fdan-3\u201d mil\u00adli aw\u00adto\u00adma\u00adti\u00adki eks\u00adpe\u00addi\u00adsi\u00ad\u00fda\u00adsy\u00adny A\u00fda u\u00e7u\u00adrar. Bu ba\u00adra\u00adda Hin\u00addis\u00adta\u00adny\u0148 kos\u00admos bar\u00adlag\u00adla\u00adry gu\u00adra\u00adma\u00adsy (IS\u00adRO) ha\u00adbar ber\u00addi. Mis\u00adsi\u00ad\u00fda ar\u00adka\u00adly A\u00fd ro\u00adwe\u00adri\u00adni A\u00fd or\u00adbi\u00adta\u00adsy\u00adna iber\u00admek g\u00f6z \u00f6\u0148\u00fcn\u00adde tu\u00adtul\u00ad\u00fdar.<\/p>\n","protected":false},"author":2,"featured_media":81789,"comment_status":"open","ping_status":"closed","sticky":false,"template":"","format":"standard","meta":{"footnotes":""},"categories":[5],"tags":[],"acf":[],"_links":{"self":[{"href":"https:\/\/zamanturkmenistan.com.tm\/index.php?rest_route=\/wp\/v2\/posts\/81788"}],"collection":[{"href":"https:\/\/zamanturkmenistan.com.tm\/index.php?rest_route=\/wp\/v2\/posts"}],"about":[{"href":"https:\/\/zamanturkmenistan.com.tm\/index.php?rest_route=\/wp\/v2\/types\/post"}],"author":[{"embeddable":true,"href":"https:\/\/zamanturkmenistan.com.tm\/index.php?rest_route=\/wp\/v2\/users\/2"}],"replies":[{"embeddable":true,"href":"https:\/\/zamanturkmenistan.com.tm\/index.php?rest_route=%2Fwp%2Fv2%2Fcomments&post=81788"}],"version-history":[{"count":1,"href":"https:\/\/zamanturkmenistan.com.tm\/index.php?rest_route=\/wp\/v2\/posts\/81788\/revisions"}],"predecessor-version":[{"id":81790,"href":"https:\/\/zamanturkmenistan.com.tm\/index.php?rest_route=\/wp\/v2\/posts\/81788\/revisions\/81790"}],"wp:featuredmedia":[{"embeddable":true,"href":"https:\/\/zamanturkmenistan.com.tm\/index.php?rest_route=\/wp\/v2\/media\/81789"}],"wp:attachment":[{"href":"https:\/\/zamanturkmenistan.com.tm\/index.php?rest_route=%2Fwp%2Fv2%2Fmedia&parent=81788"}],"wp:term":[{"taxonomy":"category","embeddable":true,"href":"https:\/\/zamanturkmenistan.com.tm\/index.php?rest_route=%2Fwp%2Fv2%2Fcategories&post=81788"},{"taxonomy":"post_tag","embeddable":true,"href":"https:\/\/zamanturkmenistan.com.tm\/index.php?rest_route=%2Fwp%2Fv2%2Ftags&post=81788"}],"curies":[{"name":"wp","href":"https:\/\/api.w.org\/{rel}","templated":true}]}}