{"id":81815,"date":"2023-07-09T13:50:43","date_gmt":"2023-07-09T08:50:43","guid":{"rendered":"https:\/\/zamanturkmenistan.com.tm\/?p=81815"},"modified":"2023-07-09T13:55:27","modified_gmt":"2023-07-09T08:55:27","slug":"ispaniyada-saylawdan-onki-kampaniyalar-baslady","status":"publish","type":"post","link":"https:\/\/zamanturkmenistan.com.tm\/?p=81815","title":{"rendered":"Ispani\u00fdada sa\u00fdlawdan \u00f6\u0148ki kampani\u00fdalar ba\u015flady"},"content":{"rendered":"<p>Is\u00adpa\u00adni\u00ad\u00fda\u00adda no\u00adbat\u00addan da\u00ad\u015fa\u00adry par\u00adla\u00adment sa\u00fd\u00adlaw\u00adla\u00adryn\u00addan \u00f6\u0148\u00adki kam\u00adpa\u00adni\u00ad\u00fda\u00adlar res\u00admi ta\u00fd\u00addan ba\u015f\u00adlan\u00addy. Ses be\u00adri\u015f\u00adlik 23-nji i\u00fdul\u00adda me\u00ad\u00fdil\u00adle\u015f\u00addi\u00adril\u00ad\u00fd\u00e4r.<br \/>\nPi\u00adkir so\u00adra\u00adly\u00ad\u015fyk\u00adla\u00adra g\u00f6\u00adr\u00e4, Kon\u00adser\u00adwa\u00adtiw Halk par\u00adti\u00ad\u00fda\u00adsy, Prem\u00ad\u00fder-mi\u00adnistr Ped\u00adro San\u00ad\u00e7e\u00adsi\u0148 do\u00adlan\u00addy\u00adry\u00adjy so\u00adsia\u00adlist\u00adle\u00adrin\u00adden bir\u00adn\u00e4\u00ad\u00e7e g\u00f6\u00adte\u00adrim \u00f6\u0148\u00adde bar\u00ad\u00fdar.<br \/>\nGe\u00ad\u00e7en \u00fdaz pas\u00adlyn\u00adda gu\u00adra\u00adlan \u00fder\u00adli sa\u00fd\u00adlaw\u00adlar\u00adda so\u00adsia\u00adlist\u00adler we onu\u0148 \u00fda\u00adran\u00adla\u00adry \u00fde\u0148\u00adli\u00ad\u015fe du\u00ad\u00e7ar bo\u00adlup, bu \u00fdag\u00adda\u00fd San\u00ad\u00e7e\u00adsi m\u00f6h\u00adle\u00adtin\u00adden \u00f6\u0148 sa\u00fd\u00adlaw\u00adla\u00adry ge\u00ad\u00e7ir\u00adm\u00e4\u00adge mej\u00adbur et\u00addi.<\/p>\n","protected":false},"excerpt":{"rendered":"<p>Is\u00adpa\u00adni\u00ad\u00fda\u00adda no\u00adbat\u00addan da\u00ad\u015fa\u00adry par\u00adla\u00adment sa\u00fd\u00adlaw\u00adla\u00adryn\u00addan \u00f6\u0148\u00adki kam\u00adpa\u00adni\u00ad\u00fda\u00adlar res\u00admi ta\u00fd\u00addan ba\u015f\u00adlan\u00addy. Ses be\u00adri\u015f\u00adlik 23-nji i\u00fdul\u00adda me\u00ad\u00fdil\u00adle\u015f\u00addi\u00adril\u00ad\u00fd\u00e4r. Pi\u00adkir so\u00adra\u00adly\u00ad\u015fyk\u00adla\u00adra g\u00f6\u00adr\u00e4, Kon\u00adser\u00adwa\u00adtiw Halk par\u00adti\u00ad\u00fda\u00adsy, Prem\u00ad\u00fder-mi\u00adnistr Ped\u00adro San\u00ad\u00e7e\u00adsi\u0148 do\u00adlan\u00addy\u00adry\u00adjy so\u00adsia\u00adlist\u00adle\u00adrin\u00adden bir\u00adn\u00e4\u00ad\u00e7e g\u00f6\u00adte\u00adrim \u00f6\u0148\u00adde bar\u00ad\u00fdar. Ge\u00ad\u00e7en \u00fdaz pas\u00adlyn\u00adda gu\u00adra\u00adlan \u00fder\u00adli sa\u00fd\u00adlaw\u00adlar\u00adda so\u00adsia\u00adlist\u00adler we onu\u0148 \u00fda\u00adran\u00adla\u00adry \u00fde\u0148\u00adli\u00ad\u015fe du\u00ad\u00e7ar bo\u00adlup, bu \u00fdag\u00adda\u00fd San\u00ad\u00e7e\u00adsi m\u00f6h\u00adle\u00adtin\u00adden \u00f6\u0148 sa\u00fd\u00adlaw\u00adla\u00adry ge\u00ad\u00e7ir\u00adm\u00e4\u00adge mej\u00adbur et\u00addi.<\/p>\n","protected":false},"author":2,"featured_media":81818,"comment_status":"open","ping_status":"closed","sticky":false,"template":"","format":"standard","meta":{"footnotes":""},"categories":[5],"tags":[],"acf":[],"_links":{"self":[{"href":"https:\/\/zamanturkmenistan.com.tm\/index.php?rest_route=\/wp\/v2\/posts\/81815"}],"collection":[{"href":"https:\/\/zamanturkmenistan.com.tm\/index.php?rest_route=\/wp\/v2\/posts"}],"about":[{"href":"https:\/\/zamanturkmenistan.com.tm\/index.php?rest_route=\/wp\/v2\/types\/post"}],"author":[{"embeddable":true,"href":"https:\/\/zamanturkmenistan.com.tm\/index.php?rest_route=\/wp\/v2\/users\/2"}],"replies":[{"embeddable":true,"href":"https:\/\/zamanturkmenistan.com.tm\/index.php?rest_route=%2Fwp%2Fv2%2Fcomments&post=81815"}],"version-history":[{"count":1,"href":"https:\/\/zamanturkmenistan.com.tm\/index.php?rest_route=\/wp\/v2\/posts\/81815\/revisions"}],"predecessor-version":[{"id":81817,"href":"https:\/\/zamanturkmenistan.com.tm\/index.php?rest_route=\/wp\/v2\/posts\/81815\/revisions\/81817"}],"wp:featuredmedia":[{"embeddable":true,"href":"https:\/\/zamanturkmenistan.com.tm\/index.php?rest_route=\/wp\/v2\/media\/81818"}],"wp:attachment":[{"href":"https:\/\/zamanturkmenistan.com.tm\/index.php?rest_route=%2Fwp%2Fv2%2Fmedia&parent=81815"}],"wp:term":[{"taxonomy":"category","embeddable":true,"href":"https:\/\/zamanturkmenistan.com.tm\/index.php?rest_route=%2Fwp%2Fv2%2Fcategories&post=81815"},{"taxonomy":"post_tag","embeddable":true,"href":"https:\/\/zamanturkmenistan.com.tm\/index.php?rest_route=%2Fwp%2Fv2%2Ftags&post=81815"}],"curies":[{"name":"wp","href":"https:\/\/api.w.org\/{rel}","templated":true}]}}