{"id":81819,"date":"2023-07-09T13:56:01","date_gmt":"2023-07-09T08:56:01","guid":{"rendered":"https:\/\/zamanturkmenistan.com.tm\/?p=81819"},"modified":"2023-07-09T13:56:01","modified_gmt":"2023-07-09T08:56:01","slug":"rinkewic-latwiyanyn-prezidenti-wezipesine-girisdi","status":"publish","type":"post","link":"https:\/\/zamanturkmenistan.com.tm\/?p=81819","title":{"rendered":"Rinkewi\u00e7 Latwi\u00fdany\u0148 prezidenti wezipesine giri\u015fdi"},"content":{"rendered":"<p>Se\u00fd\u00adma\u00adda ka\u00adsam ka\u00adbul edi\u015f\u00adlik da\u00adba\u00adra\u00adsyn\u00addan so\u0148 Ed\u00adgar Rin\u00adke\u00adwi\u00e7 Lat\u00adwi\u00ad\u00fda\u00adny\u0148 pre\u00adzi\u00adden\u00adti we\u00adzi\u00adpe\u00adsi\u00adne gi\u00adri\u015f\u00addi. \u00d6\u0148\u00adki da\u00ad\u015fa\u00adry i\u015f\u00adler mi\u00adnist\u00adri 31-nji ma\u00fd\u00adda pre\u00adzi\u00addent we\u00adzi\u00adpe\u00adsi\u00adne sa\u00fd\u00adlan\u00addy.<br \/>\nSe\u00fd\u00adma\u00adny\u0148 mas\u00adla\u00adha\u00adtyn\u00adda Ed\u00adgars Rin\u00adke\u00adwics ka\u00adsam ka\u00adbul edip, 1991-nji \u00fdyl\u00adda Res\u00adpub\u00adli\u00adka Ga\u00adra\u015f\u00adsyz\u00adly\u00adgy\u00adny alan\u00addan so\u0148 Lat\u00adwi\u00ad\u00fda\u00adny\u0148 \u00fde\u00addin\u00adji Pre\u00adzi\u00adden\u00adti bol\u00addy.<br \/>\nLat\u00adwi\u00ad\u00fda, Prem\u00ad\u00fder-mi\u00adnist\u00adri\u0148 Pre\u00adzi\u00addent\u00adden has k\u00f6p yg\u00adty\u00ad\u00fdar\u00adlyk\u00adla\u00adry bo\u00adlan par\u00adla\u00adment Res\u00adpub\u00adli\u00adka\u00adsy\u00addyr.<\/p>\n","protected":false},"excerpt":{"rendered":"<p>Se\u00fd\u00adma\u00adda ka\u00adsam ka\u00adbul edi\u015f\u00adlik da\u00adba\u00adra\u00adsyn\u00addan so\u0148 Ed\u00adgar Rin\u00adke\u00adwi\u00e7 Lat\u00adwi\u00ad\u00fda\u00adny\u0148 pre\u00adzi\u00adden\u00adti we\u00adzi\u00adpe\u00adsi\u00adne gi\u00adri\u015f\u00addi. \u00d6\u0148\u00adki da\u00ad\u015fa\u00adry i\u015f\u00adler mi\u00adnist\u00adri 31-nji ma\u00fd\u00adda pre\u00adzi\u00addent we\u00adzi\u00adpe\u00adsi\u00adne sa\u00fd\u00adlan\u00addy. Se\u00fd\u00adma\u00adny\u0148 mas\u00adla\u00adha\u00adtyn\u00adda Ed\u00adgars Rin\u00adke\u00adwics ka\u00adsam ka\u00adbul edip, 1991-nji \u00fdyl\u00adda Res\u00adpub\u00adli\u00adka Ga\u00adra\u015f\u00adsyz\u00adly\u00adgy\u00adny alan\u00addan so\u0148 Lat\u00adwi\u00ad\u00fda\u00adny\u0148 \u00fde\u00addin\u00adji Pre\u00adzi\u00adden\u00adti bol\u00addy. Lat\u00adwi\u00ad\u00fda, Prem\u00ad\u00fder-mi\u00adnist\u00adri\u0148 Pre\u00adzi\u00addent\u00adden has k\u00f6p yg\u00adty\u00ad\u00fdar\u00adlyk\u00adla\u00adry bo\u00adlan par\u00adla\u00adment Res\u00adpub\u00adli\u00adka\u00adsy\u00addyr.<\/p>\n","protected":false},"author":2,"featured_media":81816,"comment_status":"open","ping_status":"closed","sticky":false,"template":"","format":"standard","meta":{"footnotes":""},"categories":[5],"tags":[],"acf":[],"_links":{"self":[{"href":"https:\/\/zamanturkmenistan.com.tm\/index.php?rest_route=\/wp\/v2\/posts\/81819"}],"collection":[{"href":"https:\/\/zamanturkmenistan.com.tm\/index.php?rest_route=\/wp\/v2\/posts"}],"about":[{"href":"https:\/\/zamanturkmenistan.com.tm\/index.php?rest_route=\/wp\/v2\/types\/post"}],"author":[{"embeddable":true,"href":"https:\/\/zamanturkmenistan.com.tm\/index.php?rest_route=\/wp\/v2\/users\/2"}],"replies":[{"embeddable":true,"href":"https:\/\/zamanturkmenistan.com.tm\/index.php?rest_route=%2Fwp%2Fv2%2Fcomments&post=81819"}],"version-history":[{"count":1,"href":"https:\/\/zamanturkmenistan.com.tm\/index.php?rest_route=\/wp\/v2\/posts\/81819\/revisions"}],"predecessor-version":[{"id":81820,"href":"https:\/\/zamanturkmenistan.com.tm\/index.php?rest_route=\/wp\/v2\/posts\/81819\/revisions\/81820"}],"wp:featuredmedia":[{"embeddable":true,"href":"https:\/\/zamanturkmenistan.com.tm\/index.php?rest_route=\/wp\/v2\/media\/81816"}],"wp:attachment":[{"href":"https:\/\/zamanturkmenistan.com.tm\/index.php?rest_route=%2Fwp%2Fv2%2Fmedia&parent=81819"}],"wp:term":[{"taxonomy":"category","embeddable":true,"href":"https:\/\/zamanturkmenistan.com.tm\/index.php?rest_route=%2Fwp%2Fv2%2Fcategories&post=81819"},{"taxonomy":"post_tag","embeddable":true,"href":"https:\/\/zamanturkmenistan.com.tm\/index.php?rest_route=%2Fwp%2Fv2%2Ftags&post=81819"}],"curies":[{"name":"wp","href":"https:\/\/api.w.org\/{rel}","templated":true}]}}