{"id":81858,"date":"2023-07-10T10:06:10","date_gmt":"2023-07-10T05:06:10","guid":{"rendered":"https:\/\/zamanturkmenistan.com.tm\/?p=81858"},"modified":"2023-07-10T10:06:10","modified_gmt":"2023-07-10T05:06:10","slug":"jozef-baydenin-yewropa-sapary","status":"publish","type":"post","link":"https:\/\/zamanturkmenistan.com.tm\/?p=81858","title":{"rendered":"Jozef Ba\u00fddeni\u0148 \u00ddewropa sapary"},"content":{"rendered":"<p>\u015eu g\u00fcn Be\u00ad\u00fdik Bri\u00adta\u00adni\u00ad\u00fda res\u00admi sa\u00adpar bi\u00adlen ba\u00adran Jo\u00adzef Ba\u00fd\u00adden \u00fdur\u00addu\u0148 Prem\u00ad\u00fder-mi\u00adnist\u00adri Ri\u00ad\u015fi Su\u00adnak we Ko\u00adrol Karl III bi\u00adlen iki\u00adta\u00adrap\u00adla\u00ad\u00fdyn hyz\u00admat\u00adda\u015f\u00adly\u00adga de\u00adgi\u015f\u00adli me\u00adse\u00adle\u00adle\u00adri\u0148 gi\u0148 top\u00adlu\u00admy\u00adny ara alyp mas\u00adla\u00adhat\u00adla\u00ad\u015far. Pre\u00adzi\u00addent Jo\u00adzef Ba\u00fd\u00adden bi\u00adlen Prem\u00ad\u00fder-mi\u00adnist\u00adri Ri\u00ad\u015fi Su\u00adna\u00adky\u0148 ara\u00adsyn\u00adda\u00adky gep\u00adle\u00ad\u015fik\u00adle\u00adri\u0148 esa\u00adsy mow\u00adzu\u00adgy hal\u00adka\u00adra me\u00adse\u00adle\u00adle\u00adrin\u00adden yba\u00adrat bol\u00adjak\u00addy\u00adgy ha\u00adbar be\u00adril\u00ad\u00fd\u00e4r. Ba\u00fd\u00adden \u00ddew\u00adro\u00adpa sa\u00adpa\u00adry\u00adny Lon\u00addon\u00addan ba\u015f\u00adlap, 11-12-nji i\u00fdul\u00adda Lit\u00adwa sa\u00adpa\u00adry\u00adny ama\u00adla a\u015fy\u00adrar.<\/p>\n","protected":false},"excerpt":{"rendered":"<p>\u015eu g\u00fcn Be\u00ad\u00fdik Bri\u00adta\u00adni\u00ad\u00fda res\u00admi sa\u00adpar bi\u00adlen ba\u00adran Jo\u00adzef Ba\u00fd\u00adden \u00fdur\u00addu\u0148 Prem\u00ad\u00fder-mi\u00adnist\u00adri Ri\u00ad\u015fi Su\u00adnak we Ko\u00adrol Karl III bi\u00adlen iki\u00adta\u00adrap\u00adla\u00ad\u00fdyn hyz\u00admat\u00adda\u015f\u00adly\u00adga de\u00adgi\u015f\u00adli me\u00adse\u00adle\u00adle\u00adri\u0148 gi\u0148 top\u00adlu\u00admy\u00adny ara alyp mas\u00adla\u00adhat\u00adla\u00ad\u015far. Pre\u00adzi\u00addent Jo\u00adzef Ba\u00fd\u00adden bi\u00adlen Prem\u00ad\u00fder-mi\u00adnist\u00adri Ri\u00ad\u015fi Su\u00adna\u00adky\u0148 ara\u00adsyn\u00adda\u00adky gep\u00adle\u00ad\u015fik\u00adle\u00adri\u0148 esa\u00adsy mow\u00adzu\u00adgy hal\u00adka\u00adra me\u00adse\u00adle\u00adle\u00adrin\u00adden yba\u00adrat bol\u00adjak\u00addy\u00adgy ha\u00adbar be\u00adril\u00ad\u00fd\u00e4r. Ba\u00fd\u00adden \u00ddew\u00adro\u00adpa sa\u00adpa\u00adry\u00adny Lon\u00addon\u00addan ba\u015f\u00adlap, 11-12-nji i\u00fdul\u00adda Lit\u00adwa sa\u00adpa\u00adry\u00adny ama\u00adla [&hellip;]<\/p>\n","protected":false},"author":2,"featured_media":81859,"comment_status":"open","ping_status":"closed","sticky":false,"template":"","format":"standard","meta":{"footnotes":""},"categories":[5],"tags":[],"acf":[],"_links":{"self":[{"href":"https:\/\/zamanturkmenistan.com.tm\/index.php?rest_route=\/wp\/v2\/posts\/81858"}],"collection":[{"href":"https:\/\/zamanturkmenistan.com.tm\/index.php?rest_route=\/wp\/v2\/posts"}],"about":[{"href":"https:\/\/zamanturkmenistan.com.tm\/index.php?rest_route=\/wp\/v2\/types\/post"}],"author":[{"embeddable":true,"href":"https:\/\/zamanturkmenistan.com.tm\/index.php?rest_route=\/wp\/v2\/users\/2"}],"replies":[{"embeddable":true,"href":"https:\/\/zamanturkmenistan.com.tm\/index.php?rest_route=%2Fwp%2Fv2%2Fcomments&post=81858"}],"version-history":[{"count":1,"href":"https:\/\/zamanturkmenistan.com.tm\/index.php?rest_route=\/wp\/v2\/posts\/81858\/revisions"}],"predecessor-version":[{"id":81860,"href":"https:\/\/zamanturkmenistan.com.tm\/index.php?rest_route=\/wp\/v2\/posts\/81858\/revisions\/81860"}],"wp:featuredmedia":[{"embeddable":true,"href":"https:\/\/zamanturkmenistan.com.tm\/index.php?rest_route=\/wp\/v2\/media\/81859"}],"wp:attachment":[{"href":"https:\/\/zamanturkmenistan.com.tm\/index.php?rest_route=%2Fwp%2Fv2%2Fmedia&parent=81858"}],"wp:term":[{"taxonomy":"category","embeddable":true,"href":"https:\/\/zamanturkmenistan.com.tm\/index.php?rest_route=%2Fwp%2Fv2%2Fcategories&post=81858"},{"taxonomy":"post_tag","embeddable":true,"href":"https:\/\/zamanturkmenistan.com.tm\/index.php?rest_route=%2Fwp%2Fv2%2Ftags&post=81858"}],"curies":[{"name":"wp","href":"https:\/\/api.w.org\/{rel}","templated":true}]}}