{"id":82195,"date":"2023-07-14T11:38:38","date_gmt":"2023-07-14T06:38:38","guid":{"rendered":"https:\/\/zamanturkmenistan.com.tm\/?p=82195"},"modified":"2023-07-14T11:38:38","modified_gmt":"2023-07-14T06:38:38","slug":"turkmenistanyn-prezidenti-fransiya-respublikasynyn-prezidentini-gutlady-2","status":"publish","type":"post","link":"https:\/\/zamanturkmenistan.com.tm\/?p=82195","title":{"rendered":"T\u00fcrkmenistany\u0148 Prezidenti Fransi\u00fda Respublikasyny\u0148 Prezidentini gutlady"},"content":{"rendered":"<p>Hormatly Prezidentimiz Serdar Berdimuhamedow Fransi\u00fda Respublikasyny\u0148 Prezidenti Emmanuel Makrona Fransi\u00fda Respublikasyny\u0148 milli ba\u00fdramy \u2014 Bastili\u00fdany\u0148 e\u00fdelenen g\u00fcni mynasybetli m\u00e4hirli gutlaglaryny we i\u0148 gowy arzuwlaryny iberdi.<br \/>\nD\u00f6wlet Ba\u015ftutanymyz \u015fu m\u00fcmkin\u00e7ilikden pe\u00fddalanyp, Prezident Emmanuel Makrona t\u00fc\u00fds \u00fd\u00fcrekden berk jan saglyk we bagty\u00fdarlyk, Fransi\u00fdany\u0148 halkyna bolsa parahat\u00e7ylyk, abadan\u00e7ylyk hem-de mundan be\u00fdl\u00e4k-de rowa\u00e7lyk arzuw etdi.<\/p>\n","protected":false},"excerpt":{"rendered":"<p>Hormatly Prezidentimiz Serdar Berdimuhamedow Fransi\u00fda Respublikasyny\u0148 Prezidenti Emmanuel Makrona Fransi\u00fda Respublikasyny\u0148 milli ba\u00fdramy \u2014 Bastili\u00fdany\u0148 e\u00fdelenen g\u00fcni mynasybetli m\u00e4hirli gutlaglaryny we i\u0148 gowy arzuwlaryny iberdi. D\u00f6wlet Ba\u015ftutanymyz \u015fu m\u00fcmkin\u00e7ilikden pe\u00fddalanyp, Prezident Emmanuel Makrona t\u00fc\u00fds \u00fd\u00fcrekden berk jan saglyk we bagty\u00fdarlyk, Fransi\u00fdany\u0148 halkyna bolsa parahat\u00e7ylyk, abadan\u00e7ylyk hem-de mundan be\u00fdl\u00e4k-de rowa\u00e7lyk arzuw etdi.<\/p>\n","protected":false},"author":1,"featured_media":82196,"comment_status":"open","ping_status":"closed","sticky":false,"template":"","format":"standard","meta":{"footnotes":""},"categories":[3],"tags":[],"acf":[],"_links":{"self":[{"href":"https:\/\/zamanturkmenistan.com.tm\/index.php?rest_route=\/wp\/v2\/posts\/82195"}],"collection":[{"href":"https:\/\/zamanturkmenistan.com.tm\/index.php?rest_route=\/wp\/v2\/posts"}],"about":[{"href":"https:\/\/zamanturkmenistan.com.tm\/index.php?rest_route=\/wp\/v2\/types\/post"}],"author":[{"embeddable":true,"href":"https:\/\/zamanturkmenistan.com.tm\/index.php?rest_route=\/wp\/v2\/users\/1"}],"replies":[{"embeddable":true,"href":"https:\/\/zamanturkmenistan.com.tm\/index.php?rest_route=%2Fwp%2Fv2%2Fcomments&post=82195"}],"version-history":[{"count":1,"href":"https:\/\/zamanturkmenistan.com.tm\/index.php?rest_route=\/wp\/v2\/posts\/82195\/revisions"}],"predecessor-version":[{"id":82197,"href":"https:\/\/zamanturkmenistan.com.tm\/index.php?rest_route=\/wp\/v2\/posts\/82195\/revisions\/82197"}],"wp:featuredmedia":[{"embeddable":true,"href":"https:\/\/zamanturkmenistan.com.tm\/index.php?rest_route=\/wp\/v2\/media\/82196"}],"wp:attachment":[{"href":"https:\/\/zamanturkmenistan.com.tm\/index.php?rest_route=%2Fwp%2Fv2%2Fmedia&parent=82195"}],"wp:term":[{"taxonomy":"category","embeddable":true,"href":"https:\/\/zamanturkmenistan.com.tm\/index.php?rest_route=%2Fwp%2Fv2%2Fcategories&post=82195"},{"taxonomy":"post_tag","embeddable":true,"href":"https:\/\/zamanturkmenistan.com.tm\/index.php?rest_route=%2Fwp%2Fv2%2Ftags&post=82195"}],"curies":[{"name":"wp","href":"https:\/\/api.w.org\/{rel}","templated":true}]}}