{"id":82449,"date":"2023-07-18T15:56:33","date_gmt":"2023-07-18T10:56:33","guid":{"rendered":"https:\/\/zamanturkmenistan.com.tm\/?p=82449"},"modified":"2023-07-18T15:56:33","modified_gmt":"2023-07-18T10:56:33","slug":"12-sagatda-566-million-agac-ekildi","status":"publish","type":"post","link":"https:\/\/zamanturkmenistan.com.tm\/?p=82449","title":{"rendered":"12 sagatda 566 million aga\u00e7 ekildi"},"content":{"rendered":"<p>Efio\u00adpi\u00ad\u00fda\u00adda 12 sa\u00adga\u00addy\u0148 do\u00adwa\u00admyn\u00adda 566 mil\u00adli\u00adon aga\u00e7 na\u00adha\u00adly eki\u00adlip, re\u00adkord go\u00ad\u00fdul\u00addy. \u00ddurt\u00adda \u201c\u00dda\u00ad\u015fyl mi\u00adras\u201d at\u00adly ba\u015f\u00adlan\u00adgy\u00adjy\u0148 esa\u00adsyn\u00adda \u00fda\u00ad\u015fyl zo\u00adlak\u00adla\u00adry d\u00f6\u00adret\u00admek i\u015fi\u00adne uly \u00e4h\u00admi\u00ad\u00fdet be\u00adril\u00ad\u00fd\u00e4r. Mun\u00addan ozal, 2019-njy \u00fdyl\u00adda Efio\u00adpi\u00ad\u00fda\u00adda 350 mil\u00adli\u00adon\u00addan gow\u00adrak aga\u00e7 eki\u00adlip, re\u00adkord go\u00fd\u00adlup\u00addy. \u015eu a\u00fdy\u0148 8-ine \u00fdur\u00addu\u0148 Prem\u00ad\u00fder-mi\u00adnistr Abi\u00fd Ah\u00admed 500 mil\u00adli\u00adon aga\u00e7 na\u00adha\u00adly\u00adny\u0148 otur\u00addyl\u00adjak\u00addy\u00adgy\u00adny m\u00e4\u00adlim edip\u00addi. \u015eon\u00adda ol bu \u00e7\u00e4\u00adr\u00e4 di\u00ad\u0148e efi\u00ad\u00fdo\u00adpi\u00ad\u00fda\u00adly\u00adla\u00adry d\u00e4l, e\u00fd\u00adsem bu \u00fdurt\u00adda \u00fda\u00ad\u015fa\u00ad\u00fdan \u00fda\u00ad\u015fa\u00ad\u00fdan da\u00ad\u015fa\u00adry \u00fdurt\u00adlu\u00adla\u00adry, il\u00ad\u00e7i\u00adha\u00adna\u00adla\u00adry\u0148 we hal\u00adka\u00adra gu\u00adra\u00adma\u00adla\u00adry\u00adny\u0148 i\u015f\u00adg\u00e4r\u00adle\u00adri\u00adni, \u00fcs\u00adta\u00ad\u015fyr ge\u00e7\u00ad\u00fd\u00e4n \u00fdo\u00adlag\u00ad\u00e7y\u00adla\u00adry hem bu \u00e7\u00e4\u00adr\u00e4 gat\u00adna\u015f\u00adma\u00adga \u00e7a\u00adgyr\u00addy. 17-nji ma\u00fd\u00adda ge\u00ad\u00e7i\u00adri\u00adlen \u00e7\u00e4\u00adre\u00adde e\u00fdil\u00adle\u015f\u00addi\u00adri\u00adlen\u00adden has k\u00f6p &#8211; 566 mil\u00adli\u00adon na\u00adhal otur\u00addyl\u00addy. Ir s\u00e4\u00adher ba\u015f\u00adlan aga\u00e7 ek\u00admek \u00e7\u00e4\u00adre\u00adsi\u00adni\u0148 gi\u00e7 ag\u00ad\u015fa\u00adma \u00e7en\u00adli do\u00adwam et\u00addi. Abi\u00fd Ah\u00admed bu bag ek\u00admek \u00e7\u00e4\u00adre\u00adsi\u00adne halk k\u00f6p\u00ad\u00e7\u00fc\u00adli\u00adgi\u00adni\u0148 i\u015f\u00adje\u0148 gat\u00adna\u00ad\u015fan\u00addy\u00adgy\u00adny bel\u00adl\u00e4p, onu\u0148 h\u00f6t\u00adde\u00adsin\u00adden bi\u00adle\u00adlik\u00adde ge\u00adlen\u00addik\u00adle\u00adri\u00adni a\u00fdt\u00addy.<br \/>\nBir\u00adle\u00ad\u015fen Mil\u00adlet\u00adler Gu\u00adra\u00adma\u00adsy\u00adny\u0148 mag\u00adlu\u00adma\u00adty\u00adna g\u00f6\u00adr\u00e4, XX asy\u00adry\u0148 ba\u015f\u00adla\u00adryn\u00adda umu\u00admy me\u00fd\u00adda\u00adny\u00adny\u0148 35 g\u00f6\u00adte\u00adri\u00admi to\u00adka\u00fd\u00adlar\u00addan yba\u00adrat bo\u00adlan Efio\u00adpi\u00ad\u00fda\u00adny\u0148 h\u00e4\u00adzir\u00adki wagt\u00adda to\u00adka\u00fd zo\u00adlak\u00adla\u00adry\u00adny\u0148 me\u00fd\u00adda\u00adny 15 g\u00f6\u00adte\u00adri\u00adme \u00e7en\u00adli azal\u00addy.<br \/>\n\u00ddurt\u00adda na\u00adhal ek\u00admek we ola\u00adra ideg et\u00admek \u00e7\u00e4\u00adre\u00adsi\u00adni\u0148 do\u00adwam et\u00addi\u00adril\u00adje\u00adkdi\u00adgi m\u00e4\u00adlim edil\u00addi. \u201c\u00dda\u00ad\u015fyl mi\u00adras\u201d at\u00adly ba\u015f\u00adlan\u00adgy\u00adjy\u0148 2023-2026-njy \u00fdyl\u00adlar ara\u00adly\u00adgy\u00adny \u00f6z i\u00e7i\u00adne al\u00ad\u00fdan bi\u00adrin\u00adji tap\u00adgy\u00adry\u00adny\u0148 \u00e7\u00e4\u00adgin\u00adde \u00fdurt\u00adda 25 mil\u00adliard aga\u00e7 na\u00adha\u00adly\u00adny\u0148 otur\u00addyl\u00adma\u00adgy me\u00ad\u00fdil\u00adle\u015f\u00addi\u00adril\u00ad\u00fd\u00e4r.<\/p>\n","protected":false},"excerpt":{"rendered":"<p>Efio\u00adpi\u00ad\u00fda\u00adda 12 sa\u00adga\u00addy\u0148 do\u00adwa\u00admyn\u00adda 566 mil\u00adli\u00adon aga\u00e7 na\u00adha\u00adly eki\u00adlip, re\u00adkord go\u00ad\u00fdul\u00addy. \u00ddurt\u00adda \u201c\u00dda\u00ad\u015fyl mi\u00adras\u201d at\u00adly ba\u015f\u00adlan\u00adgy\u00adjy\u0148 esa\u00adsyn\u00adda \u00fda\u00ad\u015fyl zo\u00adlak\u00adla\u00adry d\u00f6\u00adret\u00admek i\u015fi\u00adne uly \u00e4h\u00admi\u00ad\u00fdet be\u00adril\u00ad\u00fd\u00e4r. Mun\u00addan ozal, 2019-njy \u00fdyl\u00adda Efio\u00adpi\u00ad\u00fda\u00adda 350 mil\u00adli\u00adon\u00addan gow\u00adrak aga\u00e7 eki\u00adlip, re\u00adkord go\u00fd\u00adlup\u00addy. \u015eu a\u00fdy\u0148 8-ine \u00fdur\u00addu\u0148 Prem\u00ad\u00fder-mi\u00adnistr Abi\u00fd Ah\u00admed 500 mil\u00adli\u00adon aga\u00e7 na\u00adha\u00adly\u00adny\u0148 otur\u00addyl\u00adjak\u00addy\u00adgy\u00adny m\u00e4\u00adlim edip\u00addi. \u015eon\u00adda ol bu \u00e7\u00e4\u00adr\u00e4 di\u00ad\u0148e [&hellip;]<\/p>\n","protected":false},"author":2,"featured_media":82450,"comment_status":"open","ping_status":"closed","sticky":false,"template":"","format":"standard","meta":{"footnotes":""},"categories":[5],"tags":[],"acf":[],"_links":{"self":[{"href":"https:\/\/zamanturkmenistan.com.tm\/index.php?rest_route=\/wp\/v2\/posts\/82449"}],"collection":[{"href":"https:\/\/zamanturkmenistan.com.tm\/index.php?rest_route=\/wp\/v2\/posts"}],"about":[{"href":"https:\/\/zamanturkmenistan.com.tm\/index.php?rest_route=\/wp\/v2\/types\/post"}],"author":[{"embeddable":true,"href":"https:\/\/zamanturkmenistan.com.tm\/index.php?rest_route=\/wp\/v2\/users\/2"}],"replies":[{"embeddable":true,"href":"https:\/\/zamanturkmenistan.com.tm\/index.php?rest_route=%2Fwp%2Fv2%2Fcomments&post=82449"}],"version-history":[{"count":1,"href":"https:\/\/zamanturkmenistan.com.tm\/index.php?rest_route=\/wp\/v2\/posts\/82449\/revisions"}],"predecessor-version":[{"id":82451,"href":"https:\/\/zamanturkmenistan.com.tm\/index.php?rest_route=\/wp\/v2\/posts\/82449\/revisions\/82451"}],"wp:featuredmedia":[{"embeddable":true,"href":"https:\/\/zamanturkmenistan.com.tm\/index.php?rest_route=\/wp\/v2\/media\/82450"}],"wp:attachment":[{"href":"https:\/\/zamanturkmenistan.com.tm\/index.php?rest_route=%2Fwp%2Fv2%2Fmedia&parent=82449"}],"wp:term":[{"taxonomy":"category","embeddable":true,"href":"https:\/\/zamanturkmenistan.com.tm\/index.php?rest_route=%2Fwp%2Fv2%2Fcategories&post=82449"},{"taxonomy":"post_tag","embeddable":true,"href":"https:\/\/zamanturkmenistan.com.tm\/index.php?rest_route=%2Fwp%2Fv2%2Ftags&post=82449"}],"curies":[{"name":"wp","href":"https:\/\/api.w.org\/{rel}","templated":true}]}}