{"id":82455,"date":"2023-07-18T16:16:26","date_gmt":"2023-07-18T11:16:26","guid":{"rendered":"https:\/\/zamanturkmenistan.com.tm\/?p=82455"},"modified":"2023-07-18T16:16:26","modified_gmt":"2023-07-18T11:16:26","slug":"turkmenistanyn-dowlet-migrasiya-gullugyna-taze-yolbascy-bellendi-2","status":"publish","type":"post","link":"https:\/\/zamanturkmenistan.com.tm\/?p=82455","title":{"rendered":"T\u00fcrkmenistany\u0148 D\u00f6wlet migrasi\u00fda gullugyna t\u00e4ze \u00fdolba\u015f\u00e7y bellendi"},"content":{"rendered":"<p>17-nji i\u00fdul\u00adda T\u00fcrk\u00adme\u00adnis\u00adta\u00adny\u0148 Pre\u00adzi\u00adden\u00adti Ser\u00addar Berdimuhamedow D\u00f6w\u00adlet howp\u00adsuz\u00adlyk ge\u00ad\u0148e\u00ad\u015fi\u00adni\u0148 mej\u00adli\u00adsi\u00adni ge\u00ad\u00e7ir\u00addi. \u015eol mej\u00adlis\u00adde T\u00fcrk\u00adme\u00adnis\u00adta\u00adny\u0148 Pre\u00adzi\u00adden\u00adti\u00adni\u0148 gol \u00e7e\u00adken Per\u00adma\u00adny\u00adna la\u00ad\u00fdyk\u00adlyk\u00adda, pod\u00adpol\u00adkow\u00adnik Aman\u00admu\u00adham\u00admet \u015eyh\u00adgu\u00adly\u00ad\u00fde\u00adwi\u00e7 Sa\u00adza\u00adkow T\u00fcrk\u00adme\u00adnis\u00adta\u00adny\u0148 D\u00f6w\u00adlet mig\u00adra\u00adsi\u00ad\u00fda gul\u00adlu\u00adgy\u00adny\u0148 ba\u015f\u00adly\u00adgy we\u00adzi\u00adpe\u00adsi\u00adne bel\u00adlen\u00addi.<br \/>\nOzal bu gul\u00adlu\u00adgy\u0148 ba\u015f\u00adly\u00adgy\u00adny\u0148 we\u00adzi\u00adpe\u00adsi\u00adni wagt\u00adla\u00ad\u00fdyn \u00fde\u00adri\u00adne \u00fde\u00adtir\u00admek i\u015fi \u00fcs\u00adt\u00fc\u00adne \u00fd\u00fck\u00adle\u00adnen A.Sa\u00adza\u00adkow gul\u00adlu\u00adgy\u0148 ba\u015f\u00adly\u00adgy\u00adny\u0148 we\u00adzi\u00adpe\u00adsi bel\u00adlen\u00addi.<br \/>\nM\u00e4\u00adlim bol\u00ad\u015fy \u00fda\u00adly, 14-nji i\u00fdul\u00adda ge\u00ad\u00e7i\u00adri\u00adlen Mi\u00adnistr\u00adler Ka\u00adbi\u00adne\u00adti\u00adni\u0148 gi\u00ad\u0148i\u015f\u00adle\u00ad\u00fdin mej\u00adli\u00adsin\u00adde pol\u00adkow\u00adnik Ba\u00adtyr Se\u00fdt\u00adgel\u00addi\u00ad\u00fde\u00adwi\u00e7 Wol\u00adsa\u00adha\u00adtow T\u00fcrk\u00adme\u00adnis\u00adta\u00adny\u0148 D\u00f6w\u00adlet mig\u00adra\u00adsi\u00ad\u00fda gul\u00adlu\u00adgy\u00adny\u0148 ba\u015f\u00adly\u00adgy we\u00adzi\u00adpe\u00adsin\u00adden bo\u00ad\u015fa\u00addy\u00adlyp, T\u00fcrk\u00adme\u00adnis\u00adta\u00adny\u0148 D\u00f6w\u00adlet ha\u00adryt-\u00e7ig mal bir\u00ad\u017ea\u00adsy\u00adny\u0148 ba\u015f\u00adly\u00adgy we\u00adzi\u00adpe\u00adsi\u00adne bel\u00adle\u00adnip\u00addi.<\/p>\n","protected":false},"excerpt":{"rendered":"<p>17-nji i\u00fdul\u00adda T\u00fcrk\u00adme\u00adnis\u00adta\u00adny\u0148 Pre\u00adzi\u00adden\u00adti Ser\u00addar Berdimuhamedow D\u00f6w\u00adlet howp\u00adsuz\u00adlyk ge\u00ad\u0148e\u00ad\u015fi\u00adni\u0148 mej\u00adli\u00adsi\u00adni ge\u00ad\u00e7ir\u00addi. \u015eol mej\u00adlis\u00adde T\u00fcrk\u00adme\u00adnis\u00adta\u00adny\u0148 Pre\u00adzi\u00adden\u00adti\u00adni\u0148 gol \u00e7e\u00adken Per\u00adma\u00adny\u00adna la\u00ad\u00fdyk\u00adlyk\u00adda, pod\u00adpol\u00adkow\u00adnik Aman\u00admu\u00adham\u00admet \u015eyh\u00adgu\u00adly\u00ad\u00fde\u00adwi\u00e7 Sa\u00adza\u00adkow T\u00fcrk\u00adme\u00adnis\u00adta\u00adny\u0148 D\u00f6w\u00adlet mig\u00adra\u00adsi\u00ad\u00fda gul\u00adlu\u00adgy\u00adny\u0148 ba\u015f\u00adly\u00adgy we\u00adzi\u00adpe\u00adsi\u00adne bel\u00adlen\u00addi. Ozal bu gul\u00adlu\u00adgy\u0148 ba\u015f\u00adly\u00adgy\u00adny\u0148 we\u00adzi\u00adpe\u00adsi\u00adni wagt\u00adla\u00ad\u00fdyn \u00fde\u00adri\u00adne \u00fde\u00adtir\u00admek i\u015fi \u00fcs\u00adt\u00fc\u00adne \u00fd\u00fck\u00adle\u00adnen A.Sa\u00adza\u00adkow gul\u00adlu\u00adgy\u0148 ba\u015f\u00adly\u00adgy\u00adny\u0148 we\u00adzi\u00adpe\u00adsi bel\u00adlen\u00addi. M\u00e4\u00adlim bol\u00ad\u015fy \u00fda\u00adly, 14-nji i\u00fdul\u00adda ge\u00ad\u00e7i\u00adri\u00adlen Mi\u00adnistr\u00adler Ka\u00adbi\u00adne\u00adti\u00adni\u0148 gi\u00ad\u0148i\u015f\u00adle\u00ad\u00fdin [&hellip;]<\/p>\n","protected":false},"author":2,"featured_media":72154,"comment_status":"open","ping_status":"closed","sticky":false,"template":"","format":"standard","meta":{"footnotes":""},"categories":[3],"tags":[],"acf":[],"_links":{"self":[{"href":"https:\/\/zamanturkmenistan.com.tm\/index.php?rest_route=\/wp\/v2\/posts\/82455"}],"collection":[{"href":"https:\/\/zamanturkmenistan.com.tm\/index.php?rest_route=\/wp\/v2\/posts"}],"about":[{"href":"https:\/\/zamanturkmenistan.com.tm\/index.php?rest_route=\/wp\/v2\/types\/post"}],"author":[{"embeddable":true,"href":"https:\/\/zamanturkmenistan.com.tm\/index.php?rest_route=\/wp\/v2\/users\/2"}],"replies":[{"embeddable":true,"href":"https:\/\/zamanturkmenistan.com.tm\/index.php?rest_route=%2Fwp%2Fv2%2Fcomments&post=82455"}],"version-history":[{"count":1,"href":"https:\/\/zamanturkmenistan.com.tm\/index.php?rest_route=\/wp\/v2\/posts\/82455\/revisions"}],"predecessor-version":[{"id":82456,"href":"https:\/\/zamanturkmenistan.com.tm\/index.php?rest_route=\/wp\/v2\/posts\/82455\/revisions\/82456"}],"wp:featuredmedia":[{"embeddable":true,"href":"https:\/\/zamanturkmenistan.com.tm\/index.php?rest_route=\/wp\/v2\/media\/72154"}],"wp:attachment":[{"href":"https:\/\/zamanturkmenistan.com.tm\/index.php?rest_route=%2Fwp%2Fv2%2Fmedia&parent=82455"}],"wp:term":[{"taxonomy":"category","embeddable":true,"href":"https:\/\/zamanturkmenistan.com.tm\/index.php?rest_route=%2Fwp%2Fv2%2Fcategories&post=82455"},{"taxonomy":"post_tag","embeddable":true,"href":"https:\/\/zamanturkmenistan.com.tm\/index.php?rest_route=%2Fwp%2Fv2%2Ftags&post=82455"}],"curies":[{"name":"wp","href":"https:\/\/api.w.org\/{rel}","templated":true}]}}