{"id":82457,"date":"2023-07-18T16:21:32","date_gmt":"2023-07-18T11:21:32","guid":{"rendered":"https:\/\/zamanturkmenistan.com.tm\/?p=82457"},"modified":"2023-07-18T16:21:32","modified_gmt":"2023-07-18T11:21:32","slug":"turkmenistanyn-prezidenti-koreya-respublikasynyn-prezidentine-gynanc-bildirdi","status":"publish","type":"post","link":"https:\/\/zamanturkmenistan.com.tm\/?p=82457","title":{"rendered":"T\u00fcrkmenistany\u0148 Prezidenti Kore\u00fda Respublikasyny\u0148 Prezidentine gynan\u00e7 bildirdi"},"content":{"rendered":"<p>Hor\u00admat\u00adly Pre\u00adzi\u00adden\u00adti\u00admiz Ser\u00addar Berdimuhamedow Ko\u00adre\u00ad\u00fda Res\u00adpub\u00adli\u00adka\u00adsy\u00adny\u0148 Pre\u00adzi\u00adden\u00adti \u00ddun Sok \u00ddo\u00adla \u00fdurt\u00adda \u00fda\u00adgan g\u00fc\u00fd\u00e7\u00adli \u00fda\u00adgy\u015f\u00adla\u00adry\u0148 ne\u00adti\u00adje\u00adsin\u00adde, adam pi\u00adda\u00adla\u00adry\u00adna, \u015fi\u00adkes \u00fdet\u00adme\u00adle\u00adre hem-de gi\u0148 m\u00f6\u00e7\u00adber\u00adli we\u00fd\u00adran\u00ad\u00e7y\u00adlyk\u00adla\u00adra ge\u00adti\u00adren suw jo\u015f\u00adgun\u00adla\u00adry ze\u00adrar\u00adly gy\u00adnan\u00e7 ha\u00adty\u00adny iber\u00addi.<br \/>\nD\u00f6w\u00adlet Ba\u015f\u00adtu\u00adta\u00adny\u00admyz \u015fu agyr pur\u00adsat\u00adda gur\u00adban bo\u00adlan\u00adla\u00adry\u0148 ma\u015f\u00adga\u00adla\u00adla\u00adry\u00adna, do\u00adgan-ga\u00adryn\u00adda\u015f\u00adla\u00adry\u00adna we \u00fda\u00adkyn\u00adla\u00adry\u00adna T\u00fcrk\u00adme\u00adnis\u00adta\u00adny\u0148 hal\u00adky\u00adny\u0148 hem-de H\u00f6\u00adk\u00fc\u00adme\u00adti\u00adni\u0148 adyn\u00addan, \u015fe\u00fd\u00adle-de hut \u00f6z adyn\u00addan \u00e7u\u0148\u00ad\u0148ur gy\u00adnan\u00adjy\u00adny, me\u00addet be\u00adri\u00adji s\u00f6z\u00adle\u00adri\u00adni, ejir \u00e7e\u00adken\u00adle\u00adre bol\u00adsa tiz wagt\u00adda sa\u00adgal\u00admak\u00adla\u00adry ba\u00adra\u00adda\u00adky di\u00adleg\u00adle\u00adri\u00adni be\u00ad\u00fdan et\u00addi.<\/p>\n","protected":false},"excerpt":{"rendered":"<p>Hor\u00admat\u00adly Pre\u00adzi\u00adden\u00adti\u00admiz Ser\u00addar Berdimuhamedow Ko\u00adre\u00ad\u00fda Res\u00adpub\u00adli\u00adka\u00adsy\u00adny\u0148 Pre\u00adzi\u00adden\u00adti \u00ddun Sok \u00ddo\u00adla \u00fdurt\u00adda \u00fda\u00adgan g\u00fc\u00fd\u00e7\u00adli \u00fda\u00adgy\u015f\u00adla\u00adry\u0148 ne\u00adti\u00adje\u00adsin\u00adde, adam pi\u00adda\u00adla\u00adry\u00adna, \u015fi\u00adkes \u00fdet\u00adme\u00adle\u00adre hem-de gi\u0148 m\u00f6\u00e7\u00adber\u00adli we\u00fd\u00adran\u00ad\u00e7y\u00adlyk\u00adla\u00adra ge\u00adti\u00adren suw jo\u015f\u00adgun\u00adla\u00adry ze\u00adrar\u00adly gy\u00adnan\u00e7 ha\u00adty\u00adny iber\u00addi. D\u00f6w\u00adlet Ba\u015f\u00adtu\u00adta\u00adny\u00admyz \u015fu agyr pur\u00adsat\u00adda gur\u00adban bo\u00adlan\u00adla\u00adry\u0148 ma\u015f\u00adga\u00adla\u00adla\u00adry\u00adna, do\u00adgan-ga\u00adryn\u00adda\u015f\u00adla\u00adry\u00adna we \u00fda\u00adkyn\u00adla\u00adry\u00adna T\u00fcrk\u00adme\u00adnis\u00adta\u00adny\u0148 hal\u00adky\u00adny\u0148 hem-de H\u00f6\u00adk\u00fc\u00adme\u00adti\u00adni\u0148 adyn\u00addan, \u015fe\u00fd\u00adle-de hut \u00f6z adyn\u00addan \u00e7u\u0148\u00ad\u0148ur gy\u00adnan\u00adjy\u00adny, me\u00addet be\u00adri\u00adji s\u00f6z\u00adle\u00adri\u00adni, [&hellip;]<\/p>\n","protected":false},"author":2,"featured_media":82458,"comment_status":"open","ping_status":"closed","sticky":false,"template":"","format":"standard","meta":{"footnotes":""},"categories":[3],"tags":[],"acf":[],"_links":{"self":[{"href":"https:\/\/zamanturkmenistan.com.tm\/index.php?rest_route=\/wp\/v2\/posts\/82457"}],"collection":[{"href":"https:\/\/zamanturkmenistan.com.tm\/index.php?rest_route=\/wp\/v2\/posts"}],"about":[{"href":"https:\/\/zamanturkmenistan.com.tm\/index.php?rest_route=\/wp\/v2\/types\/post"}],"author":[{"embeddable":true,"href":"https:\/\/zamanturkmenistan.com.tm\/index.php?rest_route=\/wp\/v2\/users\/2"}],"replies":[{"embeddable":true,"href":"https:\/\/zamanturkmenistan.com.tm\/index.php?rest_route=%2Fwp%2Fv2%2Fcomments&post=82457"}],"version-history":[{"count":1,"href":"https:\/\/zamanturkmenistan.com.tm\/index.php?rest_route=\/wp\/v2\/posts\/82457\/revisions"}],"predecessor-version":[{"id":82459,"href":"https:\/\/zamanturkmenistan.com.tm\/index.php?rest_route=\/wp\/v2\/posts\/82457\/revisions\/82459"}],"wp:featuredmedia":[{"embeddable":true,"href":"https:\/\/zamanturkmenistan.com.tm\/index.php?rest_route=\/wp\/v2\/media\/82458"}],"wp:attachment":[{"href":"https:\/\/zamanturkmenistan.com.tm\/index.php?rest_route=%2Fwp%2Fv2%2Fmedia&parent=82457"}],"wp:term":[{"taxonomy":"category","embeddable":true,"href":"https:\/\/zamanturkmenistan.com.tm\/index.php?rest_route=%2Fwp%2Fv2%2Fcategories&post=82457"},{"taxonomy":"post_tag","embeddable":true,"href":"https:\/\/zamanturkmenistan.com.tm\/index.php?rest_route=%2Fwp%2Fv2%2Ftags&post=82457"}],"curies":[{"name":"wp","href":"https:\/\/api.w.org\/{rel}","templated":true}]}}