{"id":82574,"date":"2023-07-19T19:33:45","date_gmt":"2023-07-19T14:33:45","guid":{"rendered":"https:\/\/zamanturkmenistan.com.tm\/?p=82574"},"modified":"2023-07-19T19:33:45","modified_gmt":"2023-07-19T14:33:45","slug":"turkmenistanyn-ilcisi-cehiya-respublikasynyn-prezidentine-ynanc-hatlaryny-gowsurdy","status":"publish","type":"post","link":"https:\/\/zamanturkmenistan.com.tm\/?p=82574","title":{"rendered":"T\u00fcrkmenistany\u0148 il\u00e7isi \u00c7ehi\u00fda Respublikasyny\u0148 Prezidentine ynan\u00e7 hatlaryny gow\u015furdy"},"content":{"rendered":"<p>14-nji i\u00fdul\u00adda T\u00fcrk\u00adme\u00adnis\u00adta\u00adny\u0148 \u00c7e\u00adhi\u00ad\u00fda Res\u00adpub\u00adli\u00adka\u00adsyn\u00adda\u00adky Adat\u00addan da\u00ad\u015fa\u00adry we Do\u00adly yg\u00adty\u00ad\u00fdar\u00adly il\u00ad\u00e7i\u00adsi (otur\u00ad\u00fdan \u00fde\u00adri We\u00adna \u015f\u00e4\u00adhe\u00adri) H.Aman\u00adna\u00adza\u00adrow \u00c7e\u00adhi\u00ad\u00fda Res\u00adpub\u00adli\u00adka\u00adsy\u00adny\u0148 Pre\u00adzi\u00adden\u00adti Petr Pa\u00adwe\u00adle ynan\u00e7 hat\u00adla\u00adry\u00adny gow\u00ad\u015fur\u00addy.<br \/>\nYnan\u00e7 hat\u00adla\u00adry\u00adny\u0148 gow\u00ad\u015fu\u00adry\u00adly\u015f da\u00adba\u00adra\u00adsy\u00adny\u0148 \u00e7\u00e4k\u00adle\u00adrin\u00adde \u00c7e\u00adhi\u00ad\u00fda\u00adny\u0148 Pre\u00adzi\u00adden\u00adti bi\u00adlen s\u00f6h\u00adbet\u00adde\u015f\u00adlik ge\u00ad\u00e7i\u00adril\u00addi.<br \/>\n\u00c7e\u00adhi\u00ad\u00fda Res\u00adpub\u00adli\u00adka\u00adsy\u00adny\u0148 Pre\u00adzi\u00adden\u00adti Petr Pa\u00adwel T\u00fcrk\u00adme\u00adnis\u00adta\u00adny\u0148 Pre\u00adzi\u00adden\u00adti Ser\u00addar Berdimuhamedowa m\u00e4\u00adhir\u00adli sa\u00adla\u00admy\u00adny \u00fde\u00adtir\u00adme\u00adgi ha\u00ad\u00fdy\u015f et\u00addi hem-de iki \u00fdur\u00addu\u0148 ara\u00adsyn\u00adda\u00adky \u00f6za\u00adra b\u00e4h\u00adbit\u00adli gat\u00adna\u00ad\u015fyk\u00adla\u00adry\u0148 mun\u00addan be\u00fd\u00adl\u00e4k has-da ber\u00adki\u00addil\u00adjek\u00addi\u00adgi\u00adne ynam bil\u00addir\u00addi.<br \/>\nS\u00f6h\u00adbet\u00adde\u015f\u00adli\u00adgi\u0148 do\u00adwa\u00admyn\u00adda iki\u00adta\u00adrap\u00adla\u00ad\u00fdyn t\u00fcrk\u00admen-\u00e7eh gat\u00adna\u00ad\u015fyk\u00adla\u00adry\u00adny\u0148 d\u00fcr\u00adli ugur\u00adla\u00adry bo\u00ad\u00fdun\u00ad\u00e7a pi\u00adkir al\u00ad\u015fyl\u00addy.<\/p>\n","protected":false},"excerpt":{"rendered":"<p>14-nji i\u00fdul\u00adda T\u00fcrk\u00adme\u00adnis\u00adta\u00adny\u0148 \u00c7e\u00adhi\u00ad\u00fda Res\u00adpub\u00adli\u00adka\u00adsyn\u00adda\u00adky Adat\u00addan da\u00ad\u015fa\u00adry we Do\u00adly yg\u00adty\u00ad\u00fdar\u00adly il\u00ad\u00e7i\u00adsi (otur\u00ad\u00fdan \u00fde\u00adri We\u00adna \u015f\u00e4\u00adhe\u00adri) H.Aman\u00adna\u00adza\u00adrow \u00c7e\u00adhi\u00ad\u00fda Res\u00adpub\u00adli\u00adka\u00adsy\u00adny\u0148 Pre\u00adzi\u00adden\u00adti Petr Pa\u00adwe\u00adle ynan\u00e7 hat\u00adla\u00adry\u00adny gow\u00ad\u015fur\u00addy. Ynan\u00e7 hat\u00adla\u00adry\u00adny\u0148 gow\u00ad\u015fu\u00adry\u00adly\u015f da\u00adba\u00adra\u00adsy\u00adny\u0148 \u00e7\u00e4k\u00adle\u00adrin\u00adde \u00c7e\u00adhi\u00ad\u00fda\u00adny\u0148 Pre\u00adzi\u00adden\u00adti bi\u00adlen s\u00f6h\u00adbet\u00adde\u015f\u00adlik ge\u00ad\u00e7i\u00adril\u00addi. \u00c7e\u00adhi\u00ad\u00fda Res\u00adpub\u00adli\u00adka\u00adsy\u00adny\u0148 Pre\u00adzi\u00adden\u00adti Petr Pa\u00adwel T\u00fcrk\u00adme\u00adnis\u00adta\u00adny\u0148 Pre\u00adzi\u00adden\u00adti Ser\u00addar Berdimuhamedowa m\u00e4\u00adhir\u00adli sa\u00adla\u00admy\u00adny \u00fde\u00adtir\u00adme\u00adgi ha\u00ad\u00fdy\u015f et\u00addi hem-de iki \u00fdur\u00addu\u0148 ara\u00adsyn\u00adda\u00adky \u00f6za\u00adra b\u00e4h\u00adbit\u00adli gat\u00adna\u00ad\u015fyk\u00adla\u00adry\u0148 [&hellip;]<\/p>\n","protected":false},"author":2,"featured_media":82575,"comment_status":"open","ping_status":"closed","sticky":false,"template":"","format":"standard","meta":{"footnotes":""},"categories":[3],"tags":[],"acf":[],"_links":{"self":[{"href":"https:\/\/zamanturkmenistan.com.tm\/index.php?rest_route=\/wp\/v2\/posts\/82574"}],"collection":[{"href":"https:\/\/zamanturkmenistan.com.tm\/index.php?rest_route=\/wp\/v2\/posts"}],"about":[{"href":"https:\/\/zamanturkmenistan.com.tm\/index.php?rest_route=\/wp\/v2\/types\/post"}],"author":[{"embeddable":true,"href":"https:\/\/zamanturkmenistan.com.tm\/index.php?rest_route=\/wp\/v2\/users\/2"}],"replies":[{"embeddable":true,"href":"https:\/\/zamanturkmenistan.com.tm\/index.php?rest_route=%2Fwp%2Fv2%2Fcomments&post=82574"}],"version-history":[{"count":1,"href":"https:\/\/zamanturkmenistan.com.tm\/index.php?rest_route=\/wp\/v2\/posts\/82574\/revisions"}],"predecessor-version":[{"id":82576,"href":"https:\/\/zamanturkmenistan.com.tm\/index.php?rest_route=\/wp\/v2\/posts\/82574\/revisions\/82576"}],"wp:featuredmedia":[{"embeddable":true,"href":"https:\/\/zamanturkmenistan.com.tm\/index.php?rest_route=\/wp\/v2\/media\/82575"}],"wp:attachment":[{"href":"https:\/\/zamanturkmenistan.com.tm\/index.php?rest_route=%2Fwp%2Fv2%2Fmedia&parent=82574"}],"wp:term":[{"taxonomy":"category","embeddable":true,"href":"https:\/\/zamanturkmenistan.com.tm\/index.php?rest_route=%2Fwp%2Fv2%2Fcategories&post=82574"},{"taxonomy":"post_tag","embeddable":true,"href":"https:\/\/zamanturkmenistan.com.tm\/index.php?rest_route=%2Fwp%2Fv2%2Ftags&post=82574"}],"curies":[{"name":"wp","href":"https:\/\/api.w.org\/{rel}","templated":true}]}}