{"id":82829,"date":"2023-07-22T10:41:35","date_gmt":"2023-07-22T05:41:35","guid":{"rendered":"https:\/\/zamanturkmenistan.com.tm\/?p=82829"},"modified":"2023-07-22T11:27:14","modified_gmt":"2023-07-22T06:27:14","slug":"dasoguzda-turkmen-ozbek-serhetyaka-zolagynda-sowda-merkezi-gurlar","status":"publish","type":"post","link":"https:\/\/zamanturkmenistan.com.tm\/?p=82829","title":{"rendered":"Da\u015foguzda T\u00fcrkmen-\u00f6zbek serhet\u00fdaka zolagynda s\u00f6wda merkezi gurlar"},"content":{"rendered":"<p>Ber\u00adka\u00adrar d\u00f6w\u00adle\u00adti\u0148 t\u00e4\u00adze e\u00fd\u00ad\u00fda\u00admy\u00adny\u0148 Gal\u00adky\u00adny\u00ad\u015fy d\u00f6w\u00adr\u00fcn\u00adde T\u00fcrk\u00adme\u00adnis\u00adta\u00adny\u0148 go\u0148\u00ad\u015fy d\u00f6w\u00adlet\u00adler bi\u00adlen s\u00f6w\u00adda-yk\u00addy\u00adsa\u00addy gat\u00adna\u00ad\u015fyk\u00adla\u00adry\u00adny has-da ber\u00adkit\u00admek mak\u00adsa\u00addy bi\u00adlen hem-de \u201cT\u00fcrk\u00admen-\u00f6z\u00adbek ser\u00adhet\u00ad\u00fda\u00adka s\u00f6w\u00adda zo\u00adla\u00adgy\u00adny \u2014 S\u00f6w\u00adda mer\u00adke\u00adzi\u00adni d\u00f6\u00adret\u00admek we onu\u0148 i\u015fi\u00adni d\u00fcz\u00adg\u00fcn\u00adle\u015f\u00addir\u00admek ha\u00adkyn\u00adda\u201d T\u00fcrk\u00adme\u00adnis\u00adta\u00adny\u0148 H\u00f6\u00adk\u00fc\u00adme\u00adti bi\u00adlen \u00d6z\u00adbe\u00adgis\u00adtan Res\u00adpub\u00adli\u00adka\u00adsy\u00adny\u0148 H\u00f6\u00adk\u00fc\u00adme\u00adti\u00adni\u0148 ara\u00adsyn\u00adda 2021-nji \u00fdy\u00adly\u0148 5-nji okt\u00ad\u00fdab\u00adryn\u00adda gol \u00e7e\u00adki\u00adlen Yla\u00adla\u00ad\u015fy\u00adga la\u00ad\u00fdyk\u00adlyk\u00adda, T\u00fcrk\u00adme\u00adnis\u00adta\u00adny\u0148 Pre\u00adzi\u00adden\u00adti Ka\u00adra\u00adra gol \u00e7ek\u00addi. Res\u00admi\u00adna\u00adma la\u00ad\u00fdyk\u00adlyk\u00adda, S\u00f6w\u00adda we da\u00ad\u015fa\u00adry yk\u00addy\u00adsa\u00addy ara\u00adgat\u00adna\u00ad\u015fyk\u00adlar mi\u00adnistr\u00adli\u00adgi\u00adne Da\u00ad\u015fo\u00adguz we\u00adla\u00ad\u00fda\u00adty\u00adny\u0148 T\u00fcrk\u00admen-\u00f6z\u00adbek ser\u00adhet\u00ad\u00fda\u00adka zo\u00adla\u00adgyn\u00adda S\u00f6w\u00adda mer\u00adke\u00adzi\u00adni\u0148 tas\u00adla\u00adma\u00adsy\u00adny d\u00fcz\u00admek hem-de ony \u00fda\u00adna\u00ad\u015fyk \u00fder\u00adle\u00adri\u00adni aba\u00addan\u00adla\u015f\u00addy\u00adryp gur\u00admak ba\u00adra\u00adda \u00f6z ga\u00adra\u00adma\u00adgyn\u00adda\u00adky Aly\u00adjy\u00adlar jem\u00adgy\u00ad\u00fdet\u00adle\u00adri\u00adni\u0148 bir\u00adle\u00ad\u015fik\u00adle\u00adri\u00adni\u0148 mer\u00adke\u00adzi do\u00adlan\u00addy\u00adry\u015f eda\u00adra\u00adsy\u00adny\u0148 abat\u00adla\u00ad\u00fdy\u015f-gur\u00adlu\u00ad\u015fyk b\u00f6\u00adl\u00fc\u00admi bi\u00adlen \u015fert\u00adna\u00adma\u00adny, da\u00ad\u015far\u00adky el\u00adti\u00adji elekt\u00adrik, ara\u00adgat\u00adna\u00ad\u015fyk we suw \u00fcp\u00adj\u00fcn\u00ad\u00e7i\u00adli\u00adgi\u00adni\u0148 in\u00ad\u017ee\u00adner\u00ad\u00e7i\u00adlik ul\u00adgam\u00adla\u00adry\u00adny gur\u00admak \u015fer\u00adtin\u00adde bag\u00adla\u015f\u00adma\u00adga yg\u00adty\u00ad\u00fdar be\u00adril\u00addi.<br \/>\nGur\u00adlu\u00ad\u015fyk i\u015f\u00adle\u00adri\u00adne 2023-nji \u00fdy\u00adly\u0148 i\u00fdul a\u00fdyn\u00adda ba\u015f\u00adla\u00admak we S\u00f6w\u00adda mer\u00adke\u00adzi\u00adni 2025-nji \u00fdy\u00adly\u0148 i\u00fdul a\u00fdyn\u00adda ulan\u00adma\u00adga do\u00adly ta\u00fd\u00ad\u00fdar edip tab\u00ad\u015fyr\u00admak bel\u00adle\u00adnil\u00addi.<\/p>\n","protected":false},"excerpt":{"rendered":"<p>Ber\u00adka\u00adrar d\u00f6w\u00adle\u00adti\u0148 t\u00e4\u00adze e\u00fd\u00ad\u00fda\u00admy\u00adny\u0148 Gal\u00adky\u00adny\u00ad\u015fy d\u00f6w\u00adr\u00fcn\u00adde T\u00fcrk\u00adme\u00adnis\u00adta\u00adny\u0148 go\u0148\u00ad\u015fy d\u00f6w\u00adlet\u00adler bi\u00adlen s\u00f6w\u00adda-yk\u00addy\u00adsa\u00addy gat\u00adna\u00ad\u015fyk\u00adla\u00adry\u00adny has-da ber\u00adkit\u00admek mak\u00adsa\u00addy bi\u00adlen hem-de \u201cT\u00fcrk\u00admen-\u00f6z\u00adbek ser\u00adhet\u00ad\u00fda\u00adka s\u00f6w\u00adda zo\u00adla\u00adgy\u00adny \u2014 S\u00f6w\u00adda mer\u00adke\u00adzi\u00adni d\u00f6\u00adret\u00admek we onu\u0148 i\u015fi\u00adni d\u00fcz\u00adg\u00fcn\u00adle\u015f\u00addir\u00admek ha\u00adkyn\u00adda\u201d T\u00fcrk\u00adme\u00adnis\u00adta\u00adny\u0148 H\u00f6\u00adk\u00fc\u00adme\u00adti bi\u00adlen \u00d6z\u00adbe\u00adgis\u00adtan Res\u00adpub\u00adli\u00adka\u00adsy\u00adny\u0148 H\u00f6\u00adk\u00fc\u00adme\u00adti\u00adni\u0148 ara\u00adsyn\u00adda 2021-nji \u00fdy\u00adly\u0148 5-nji okt\u00ad\u00fdab\u00adryn\u00adda gol \u00e7e\u00adki\u00adlen Yla\u00adla\u00ad\u015fy\u00adga la\u00ad\u00fdyk\u00adlyk\u00adda, T\u00fcrk\u00adme\u00adnis\u00adta\u00adny\u0148 Pre\u00adzi\u00adden\u00adti Ka\u00adra\u00adra gol \u00e7ek\u00addi. Res\u00admi\u00adna\u00adma la\u00ad\u00fdyk\u00adlyk\u00adda, S\u00f6w\u00adda we da\u00ad\u015fa\u00adry [&hellip;]<\/p>\n","protected":false},"author":2,"featured_media":82830,"comment_status":"open","ping_status":"closed","sticky":false,"template":"","format":"standard","meta":{"footnotes":""},"categories":[3],"tags":[],"acf":[],"_links":{"self":[{"href":"https:\/\/zamanturkmenistan.com.tm\/index.php?rest_route=\/wp\/v2\/posts\/82829"}],"collection":[{"href":"https:\/\/zamanturkmenistan.com.tm\/index.php?rest_route=\/wp\/v2\/posts"}],"about":[{"href":"https:\/\/zamanturkmenistan.com.tm\/index.php?rest_route=\/wp\/v2\/types\/post"}],"author":[{"embeddable":true,"href":"https:\/\/zamanturkmenistan.com.tm\/index.php?rest_route=\/wp\/v2\/users\/2"}],"replies":[{"embeddable":true,"href":"https:\/\/zamanturkmenistan.com.tm\/index.php?rest_route=%2Fwp%2Fv2%2Fcomments&post=82829"}],"version-history":[{"count":2,"href":"https:\/\/zamanturkmenistan.com.tm\/index.php?rest_route=\/wp\/v2\/posts\/82829\/revisions"}],"predecessor-version":[{"id":82836,"href":"https:\/\/zamanturkmenistan.com.tm\/index.php?rest_route=\/wp\/v2\/posts\/82829\/revisions\/82836"}],"wp:featuredmedia":[{"embeddable":true,"href":"https:\/\/zamanturkmenistan.com.tm\/index.php?rest_route=\/wp\/v2\/media\/82830"}],"wp:attachment":[{"href":"https:\/\/zamanturkmenistan.com.tm\/index.php?rest_route=%2Fwp%2Fv2%2Fmedia&parent=82829"}],"wp:term":[{"taxonomy":"category","embeddable":true,"href":"https:\/\/zamanturkmenistan.com.tm\/index.php?rest_route=%2Fwp%2Fv2%2Fcategories&post=82829"},{"taxonomy":"post_tag","embeddable":true,"href":"https:\/\/zamanturkmenistan.com.tm\/index.php?rest_route=%2Fwp%2Fv2%2Ftags&post=82829"}],"curies":[{"name":"wp","href":"https:\/\/api.w.org\/{rel}","templated":true}]}}