{"id":82833,"date":"2023-07-22T11:26:59","date_gmt":"2023-07-22T06:26:59","guid":{"rendered":"https:\/\/zamanturkmenistan.com.tm\/?p=82833"},"modified":"2023-07-22T11:26:59","modified_gmt":"2023-07-22T06:26:59","slug":"hindistan-bilen-yaponiya-yarymgeciriji-islap-duzmekde-hyzmatdaslyk-eder","status":"publish","type":"post","link":"https:\/\/zamanturkmenistan.com.tm\/?p=82833","title":{"rendered":"Hindistan bilen \u00ddaponi\u00fda \u00fdarymge\u00e7iriji i\u015fl\u00e4p d\u00fczmekde hyzmatda\u015flyk eder"},"content":{"rendered":"<p>21-nji i\u00fdul\u00adda Hin\u00addis\u00adtan bi\u00adlen \u00dda\u00adpo\u00adni\u00ad\u00fda \u00fda\u00adrym\u00adge\u00ad\u00e7i\u00adri\u00adji\u00adle\u00adri i\u015f\u00adl\u00e4p d\u00fcz\u00admek bo\u00ad\u00fdun\u00ad\u00e7a hyz\u00admat\u00adda\u015f\u00adlyk me\u00admo\u00adran\u00addu\u00admy\u00adna gol \u00e7ek\u00addi\u00adler. Bu ba\u00adra\u00adda Hin\u00addis\u00adta\u00adny\u0148 elekt\u00adro\u00adni\u00adka we mag\u00adlu\u00admat teh\u00adno\u00adlo\u00adgi\u00ad\u00fda\u00adsy mi\u00adnist\u00adri A\u015f\u00adwi\u00adni Wa\u00fd\u015f\u00adnau ha\u00adbar ber\u00addi.<br \/>\nOnu\u0148 s\u00f6z\u00adle\u00adri\u00adne g\u00f6\u00adr\u00e4, hin\u00addi ta\u00adra\u00adpy we \u00fda\u00adpon h\u00f6\u00adk\u00fc\u00adme\u00adti, hem-de, se\u00adna\u00adgat we yl\u00admy to\u00adpar\u00adlar mas\u00adla\u00adhat\u00adla\u00adry\u0148 bir\u00adn\u00e4\u00ad\u00e7e tap\u00adgy\u00adry\u00adny ge\u00ad\u00e7ir\u00addi\u00adler.<br \/>\n-\u015eu g\u00fcn \u00dda\u00adpo\u00adni\u00ad\u00fda\u00adny\u0148 yk\u00addy\u00adsa\u00addy\u00ad\u00fdet, s\u00f6w\u00adda we se\u00adna\u00adgat mi\u00adnist\u00adri \u00dda\u00adsu\u00adto\u00adsi Ni\u00adsi\u00admu\u00adra we bi\u00adzi\u0148 elekt\u00adron we mag\u00adlu\u00admat teh\u00adno\u00adlo\u00adgi\u00ad\u00fda\u00adsy mi\u00adnistr\u00adli\u00adgi\u00admiz iki \u00fdur\u00addu\u0148 h\u00f6\u00adk\u00fc\u00admet\u00adle\u00adri\u00adni\u0148 adyn\u00addan hyz\u00admat\u00adda\u015f\u00adlyk me\u00admo\u00adran\u00addu\u00admy\u00adna gol \u00e7ek\u00admek ba\u00adra\u00adda ka\u00adra\u00adra gel\u00addik \u2013 di\u00ad\u00fdip, A.Wa\u00fd\u015f\u00adnau a\u00fdt\u00addy.<br \/>\n-Biz bu pro\u00adse\u00adsi pu\u00adda\u00adga\u00adra we h\u00f6\u00adk\u00fc\u00adme\u00adta\u00adra hyz\u00admat\u00adda\u015f\u00adly\u00adgy\u0148 \u00fcs\u00adti bi\u00adlen \u00f6\u0148e iler\u00adle\u00adde\u00adris \u2013 di\u00ad\u00fdip, ol s\u00f6\u00adz\u00fc\u00adni\u0148 \u00fcs\u00adt\u00fc\u00adne go\u015f\u00addy.<\/p>\n","protected":false},"excerpt":{"rendered":"<p>21-nji i\u00fdul\u00adda Hin\u00addis\u00adtan bi\u00adlen \u00dda\u00adpo\u00adni\u00ad\u00fda \u00fda\u00adrym\u00adge\u00ad\u00e7i\u00adri\u00adji\u00adle\u00adri i\u015f\u00adl\u00e4p d\u00fcz\u00admek bo\u00ad\u00fdun\u00ad\u00e7a hyz\u00admat\u00adda\u015f\u00adlyk me\u00admo\u00adran\u00addu\u00admy\u00adna gol \u00e7ek\u00addi\u00adler. Bu ba\u00adra\u00adda Hin\u00addis\u00adta\u00adny\u0148 elekt\u00adro\u00adni\u00adka we mag\u00adlu\u00admat teh\u00adno\u00adlo\u00adgi\u00ad\u00fda\u00adsy mi\u00adnist\u00adri A\u015f\u00adwi\u00adni Wa\u00fd\u015f\u00adnau ha\u00adbar ber\u00addi. Onu\u0148 s\u00f6z\u00adle\u00adri\u00adne g\u00f6\u00adr\u00e4, hin\u00addi ta\u00adra\u00adpy we \u00fda\u00adpon h\u00f6\u00adk\u00fc\u00adme\u00adti, hem-de, se\u00adna\u00adgat we yl\u00admy to\u00adpar\u00adlar mas\u00adla\u00adhat\u00adla\u00adry\u0148 bir\u00adn\u00e4\u00ad\u00e7e tap\u00adgy\u00adry\u00adny ge\u00ad\u00e7ir\u00addi\u00adler. -\u015eu g\u00fcn \u00dda\u00adpo\u00adni\u00ad\u00fda\u00adny\u0148 yk\u00addy\u00adsa\u00addy\u00ad\u00fdet, s\u00f6w\u00adda we se\u00adna\u00adgat mi\u00adnist\u00adri \u00dda\u00adsu\u00adto\u00adsi Ni\u00adsi\u00admu\u00adra we bi\u00adzi\u0148 elekt\u00adron [&hellip;]<\/p>\n","protected":false},"author":2,"featured_media":74452,"comment_status":"open","ping_status":"closed","sticky":false,"template":"","format":"standard","meta":{"footnotes":""},"categories":[5],"tags":[],"acf":[],"_links":{"self":[{"href":"https:\/\/zamanturkmenistan.com.tm\/index.php?rest_route=\/wp\/v2\/posts\/82833"}],"collection":[{"href":"https:\/\/zamanturkmenistan.com.tm\/index.php?rest_route=\/wp\/v2\/posts"}],"about":[{"href":"https:\/\/zamanturkmenistan.com.tm\/index.php?rest_route=\/wp\/v2\/types\/post"}],"author":[{"embeddable":true,"href":"https:\/\/zamanturkmenistan.com.tm\/index.php?rest_route=\/wp\/v2\/users\/2"}],"replies":[{"embeddable":true,"href":"https:\/\/zamanturkmenistan.com.tm\/index.php?rest_route=%2Fwp%2Fv2%2Fcomments&post=82833"}],"version-history":[{"count":1,"href":"https:\/\/zamanturkmenistan.com.tm\/index.php?rest_route=\/wp\/v2\/posts\/82833\/revisions"}],"predecessor-version":[{"id":82834,"href":"https:\/\/zamanturkmenistan.com.tm\/index.php?rest_route=\/wp\/v2\/posts\/82833\/revisions\/82834"}],"wp:featuredmedia":[{"embeddable":true,"href":"https:\/\/zamanturkmenistan.com.tm\/index.php?rest_route=\/wp\/v2\/media\/74452"}],"wp:attachment":[{"href":"https:\/\/zamanturkmenistan.com.tm\/index.php?rest_route=%2Fwp%2Fv2%2Fmedia&parent=82833"}],"wp:term":[{"taxonomy":"category","embeddable":true,"href":"https:\/\/zamanturkmenistan.com.tm\/index.php?rest_route=%2Fwp%2Fv2%2Fcategories&post=82833"},{"taxonomy":"post_tag","embeddable":true,"href":"https:\/\/zamanturkmenistan.com.tm\/index.php?rest_route=%2Fwp%2Fv2%2Ftags&post=82833"}],"curies":[{"name":"wp","href":"https:\/\/api.w.org\/{rel}","templated":true}]}}