{"id":82989,"date":"2023-07-25T18:27:48","date_gmt":"2023-07-25T13:27:48","guid":{"rendered":"https:\/\/zamanturkmenistan.com.tm\/?p=82989"},"modified":"2023-07-25T18:27:48","modified_gmt":"2023-07-25T13:27:48","slug":"turkmenistanyn-ilcisinin-yerewan-dowlet-uniwersitetinin-rektory-bilen-dususygy-gecirildi","status":"publish","type":"post","link":"https:\/\/zamanturkmenistan.com.tm\/?p=82989","title":{"rendered":"T\u00fcrkmenistany\u0148 il\u00e7isini\u0148 \u00dderewan d\u00f6wlet uniwersitetini\u0148 rektory bilen du\u015fu\u015fygy ge\u00e7irildi"},"content":{"rendered":"<p>24-nji i\u00fdul\u00adda T\u00fcrk\u00adme\u00adnis\u00adta\u00adny\u0148 Er\u00adme\u00adnis\u00adtan Res\u00adpub\u00adli\u00adka\u00adsyn\u00adda\u00adky il\u00ad\u00e7i\u00adsi M.A\u00fda\u00adzow \u00dde\u00adre\u00adwan d\u00f6w\u00adlet uni\u00adwer\u00adsi\u00adte\u00adti\u00adni\u0148 rek\u00adto\u00adry Ogan\u00adnes Ogan\u00adnis\u00ad\u00fdan bi\u00adlen du\u00ad\u015fu\u015f\u00addy.<br \/>\nDu\u00ad\u015fu\u00ad\u015fyk\u00adda ta\u00adrap\u00adlar ylym we bi\u00adlim pu\u00adda\u00adgyn\u00adda Mag\u00adtym\u00adgu\u00adly adyn\u00adda\u00adky T\u00fcrk\u00admen d\u00f6w\u00adlet uni\u00adwer\u00adsi\u00adte\u00adti bi\u00adlen \u00dde\u00adre\u00adwan d\u00f6w\u00adlet uni\u00adwer\u00adsi\u00adte\u00adti\u00adni\u0148 ara\u00adsyn\u00adda hyz\u00admat\u00adda\u015f\u00adlyk et\u00admek ha\u00adkyn\u00adda\u00adky Yla\u00adla\u00ad\u015fy\u00adgy\u0148 \u00e7\u00e4k\u00adle\u00adrin\u00adde \u00f6za\u00adra gat\u00adna\u00ad\u015fyk\u00adla\u00adry\u0148 me\u00adse\u00adle\u00adle\u00adri\u00adni ara alyp mas\u00adla\u00adhat\u00adla\u015f\u00addy\u00adlar.<br \/>\nDu\u00ad\u015fu\u00ad\u015fy\u00adgy\u0148 do\u00adwa\u00admyn\u00adda ta\u00adrap\u00adlar Er\u00adme\u00adnis\u00adtan\u00adda t\u00fcrk\u00admen di\u00adli, ede\u00adbi\u00ad\u00fda\u00adty we me\u00adde\u00adni\u00ad\u00fde\u00adti bi\u00adlen ta\u00adny\u015f\u00addyr\u00admak we \u00fda\u00fd\u00adrat\u00admak ba\u00adra\u00adda\u00adky me\u00adse\u00adl\u00e4\u00adni\u0148 \u00fcs\u00adt\u00fcn\u00adde du\u00adrup ge\u00e7\u00addi\u00adler. Rek\u00adtor O.Ogan\u00adnis\u00ad\u00fdan t\u00fcrk\u00admen akyl\u00addar \u015fa\u00adhy\u00adry Mag\u00adtym\u00adgu\u00adly Py\u00adra\u00adgy\u00adny\u0148 ede\u00adbi mi\u00adra\u00adsy\u00adny gi\u0148\u00adden wa\u00adgyz et\u00admek mak\u00adsa\u00addy bi\u00adlen, t\u00e4\u00adze 2023-2024-nji okuw \u00fdy\u00adlyn\u00adda uni\u00adwer\u00adsi\u00adtet\u00adde Py\u00adra\u00adgy\u00adny\u0148 \u00f6m\u00adr\u00fc\u00adne we d\u00f6\u00adre\u00addi\u00adji\u00adli\u00adgi\u00adne ba\u00adgy\u015f\u00adla\u00adnan bir\u00adn\u00e4\u00ad\u00e7e umu\u00admy sa\u00adpak\u00adla\u00adry\u0148 ge\u00ad\u00e7i\u00adril\u00adme\u00adgi\u00adni\u0148 me\u00ad\u00fdil\u00adle\u015f\u00addi\u00adril\u00ad\u00fd\u00e4n\u00addi\u00adgi\u00adni ha\u00adbar ber\u00addi. Bu sa\u00adpak\u00adlar t\u00fcrk\u00admen hal\u00adky\u00adny\u0148 be\u00ad\u00fdik og\u00adly Mag\u00adtym\u00adgu\u00adly Py\u00adra\u00adgy\u00adny\u0148 300 \u015fan\u00adly \u00fdyl\u00adlyk se\u00adne\u00adsi\u00adne ba\u00adgy\u015f\u00adla\u00adnar.<br \/>\n\u015eu\u00adnu\u0148 bi\u00adlen bag\u00adly\u00adlyk\u00adda, iki hyz\u00admat\u00adda\u015f \u00fdo\u00adka\u00adry okuw mek\u00addep\u00adle\u00adri\u00adni\u0148 pro\u00adfes\u00adsor-mu\u00adgal\u00adlym\u00adla\u00adry\u00adny\u0148 we ta\u00adlyp\u00adla\u00adry\u00adny\u0148 ara\u00adsyn\u00adda tej\u00adri\u00adbe aly\u015f\u00admak ba\u00adra\u00adda\u00adky me\u00adse\u00adl\u00e4\u00adni goz\u00adga\u00admak bi\u00adlen, il\u00ad\u00e7i t\u00e4\u00adze okuw \u00fdy\u00adlyn\u00adda umu\u00admy sa\u00adpak\u00adla\u00adry ge\u00ad\u00e7ir\u00admek \u00fc\u00e7in Mag\u00adtym\u00adgu\u00adly adyn\u00adda\u00adky t\u00fcrk\u00admen d\u00f6w\u00adlet uni\u00adwer\u00adsi\u00adte\u00adtin\u00adden mu\u00adgal\u00adlym\u00adla\u00adry\u00adny \u00e7a\u00adgyr\u00adma\u00adgy tek\u00adlip et\u00addi.<br \/>\nEr\u00adme\u00adni ta\u00adra\u00adpy Mag\u00adtym\u00adgu\u00adly Py\u00adra\u00adgy\u00adny\u0148 300 \u00fdyl\u00adlyk \u015fan\u00adly se\u00adne\u00adsi my\u00adna\u00adsy\u00adbet\u00adli Er\u00adme\u00adnis\u00adta\u00adny\u0148 yl\u00admy \u017eur\u00adnal\u00adla\u00adryn\u00adda Mag\u00adtym\u00adgu\u00adly Py\u00adra\u00adgy ba\u00adra\u00adda d\u00fcr\u00adli yl\u00admy ma\u00adka\u00adla\u00adla\u00adry ne\u00ad\u015fir et\u00adme\u00adgi, \u015fe\u00fd\u00adle hem nus\u00adga\u00adwy \u015fa\u00adhy\u00adra ba\u00adgy\u015f\u00adla\u00adnan hal\u00adka\u00adra mas\u00adla\u00adha\u00adty ge\u00ad\u00e7ir\u00adme\u00adgi tek\u00adlip et\u00addi. Mu\u00adnu\u0148 \u00f6zi, Er\u00adme\u00adnis\u00adta\u00adny\u0148 \u00f6\u0148\u00adde\u00adba\u00adry\u00adjy \u00fdo\u00adka\u00adry okuw mek\u00adde\u00adbi bi\u00adlen \u00fda\u00adkyn\u00addan hyz\u00admat\u00adda\u015f\u00adlyk et\u00adme\u00adgi\u0148 a\u00fd\u00addy\u0148 my\u00adsa\u00adly bo\u00adlar.<\/p>\n","protected":false},"excerpt":{"rendered":"<p>24-nji i\u00fdul\u00adda T\u00fcrk\u00adme\u00adnis\u00adta\u00adny\u0148 Er\u00adme\u00adnis\u00adtan Res\u00adpub\u00adli\u00adka\u00adsyn\u00adda\u00adky il\u00ad\u00e7i\u00adsi M.A\u00fda\u00adzow \u00dde\u00adre\u00adwan d\u00f6w\u00adlet uni\u00adwer\u00adsi\u00adte\u00adti\u00adni\u0148 rek\u00adto\u00adry Ogan\u00adnes Ogan\u00adnis\u00ad\u00fdan bi\u00adlen du\u00ad\u015fu\u015f\u00addy. Du\u00ad\u015fu\u00ad\u015fyk\u00adda ta\u00adrap\u00adlar ylym we bi\u00adlim pu\u00adda\u00adgyn\u00adda Mag\u00adtym\u00adgu\u00adly adyn\u00adda\u00adky T\u00fcrk\u00admen d\u00f6w\u00adlet uni\u00adwer\u00adsi\u00adte\u00adti bi\u00adlen \u00dde\u00adre\u00adwan d\u00f6w\u00adlet uni\u00adwer\u00adsi\u00adte\u00adti\u00adni\u0148 ara\u00adsyn\u00adda hyz\u00admat\u00adda\u015f\u00adlyk et\u00admek ha\u00adkyn\u00adda\u00adky Yla\u00adla\u00ad\u015fy\u00adgy\u0148 \u00e7\u00e4k\u00adle\u00adrin\u00adde \u00f6za\u00adra gat\u00adna\u00ad\u015fyk\u00adla\u00adry\u0148 me\u00adse\u00adle\u00adle\u00adri\u00adni ara alyp mas\u00adla\u00adhat\u00adla\u015f\u00addy\u00adlar. Du\u00ad\u015fu\u00ad\u015fy\u00adgy\u0148 do\u00adwa\u00admyn\u00adda ta\u00adrap\u00adlar Er\u00adme\u00adnis\u00adtan\u00adda t\u00fcrk\u00admen di\u00adli, ede\u00adbi\u00ad\u00fda\u00adty we me\u00adde\u00adni\u00ad\u00fde\u00adti bi\u00adlen ta\u00adny\u015f\u00addyr\u00admak we \u00fda\u00fd\u00adrat\u00admak [&hellip;]<\/p>\n","protected":false},"author":2,"featured_media":83125,"comment_status":"open","ping_status":"closed","sticky":false,"template":"","format":"standard","meta":{"footnotes":""},"categories":[3],"tags":[],"acf":[],"_links":{"self":[{"href":"https:\/\/zamanturkmenistan.com.tm\/index.php?rest_route=\/wp\/v2\/posts\/82989"}],"collection":[{"href":"https:\/\/zamanturkmenistan.com.tm\/index.php?rest_route=\/wp\/v2\/posts"}],"about":[{"href":"https:\/\/zamanturkmenistan.com.tm\/index.php?rest_route=\/wp\/v2\/types\/post"}],"author":[{"embeddable":true,"href":"https:\/\/zamanturkmenistan.com.tm\/index.php?rest_route=\/wp\/v2\/users\/2"}],"replies":[{"embeddable":true,"href":"https:\/\/zamanturkmenistan.com.tm\/index.php?rest_route=%2Fwp%2Fv2%2Fcomments&post=82989"}],"version-history":[{"count":1,"href":"https:\/\/zamanturkmenistan.com.tm\/index.php?rest_route=\/wp\/v2\/posts\/82989\/revisions"}],"predecessor-version":[{"id":83126,"href":"https:\/\/zamanturkmenistan.com.tm\/index.php?rest_route=\/wp\/v2\/posts\/82989\/revisions\/83126"}],"wp:featuredmedia":[{"embeddable":true,"href":"https:\/\/zamanturkmenistan.com.tm\/index.php?rest_route=\/wp\/v2\/media\/83125"}],"wp:attachment":[{"href":"https:\/\/zamanturkmenistan.com.tm\/index.php?rest_route=%2Fwp%2Fv2%2Fmedia&parent=82989"}],"wp:term":[{"taxonomy":"category","embeddable":true,"href":"https:\/\/zamanturkmenistan.com.tm\/index.php?rest_route=%2Fwp%2Fv2%2Fcategories&post=82989"},{"taxonomy":"post_tag","embeddable":true,"href":"https:\/\/zamanturkmenistan.com.tm\/index.php?rest_route=%2Fwp%2Fv2%2Ftags&post=82989"}],"curies":[{"name":"wp","href":"https:\/\/api.w.org\/{rel}","templated":true}]}}