{"id":83015,"date":"2023-07-24T19:26:04","date_gmt":"2023-07-24T14:26:04","guid":{"rendered":"https:\/\/zamanturkmenistan.com.tm\/?p=83015"},"modified":"2023-07-25T09:51:50","modified_gmt":"2023-07-25T04:51:50","slug":"krosword","status":"publish","type":"post","link":"https:\/\/zamanturkmenistan.com.tm\/?p=83015","title":{"rendered":"GAR kosmosa iki zenan astronawty iberer"},"content":{"rendered":"<p>GAR iki ze\u00adnan ast\u00adro\u00adnaw\u00adty\u00adny kos\u00admo\u00adsa u\u00e7u\u00ad\u015fy\u00adny gu\u00adra\u00adma\u00adgy we ola\u00adry Hal\u00adka\u00adra kos\u00admos stan\u00adsivasy\u00adna iber\u00adme\u00adgi me\u00ad\u00fdil\u00adle\u015f\u00addir\u00ad\u00fd\u00e4r. Bu ba\u00adra\u00adda G\u00fc\u00adnor\u00adta Af\u00adri\u00adka Res\u00adpub\u00adli\u00adka\u00adsy\u00adny\u0148 (GAR) Mil\u00adli kos\u00admos agent\u00adli\u00adgi\u00adni\u0148 \u00fde\u00adri\u00adne \u00fde\u00adti\u00adri\u00adji di\u00adrek\u00adto\u00adry Hum\u00adbu\u00adla\u00adni Mu\u00addau ha\u00adbar ber\u00addi. Ol bu tek\u00adli\u00adbi \u201cRos\u00adkos\u00admos\u201d-y\u0148 \u00fde\u00adri\u00adne \u00fde\u00adti\u00adri\u00adji di\u00adrek\u00adto\u00adry \u00ddu\u00adri\u00fd Bo\u00adri\u00adsow bi\u00adlen ge\u00ad\u00e7i\u00adri\u00adlen du\u00ad\u015fu\u00ad\u015fyk\u00adda \u00f6\u0148e s\u00fcr\u00addi di\u00ad\u00fdip, TASS ha\u00adbar ber\u00ad\u00fd\u00e4r.<br \/>\n\u00dde\u00adri ge\u00adlen\u00adde bel\u00adle\u00adsek, \u00ddu\u00adri\u00fd Bo\u00adri\u00adsow Rus\u00adsi\u00ad\u00fda Fe\u00adde\u00adra\u00adsi\u00ad\u00fda\u00adsy\u00adny\u0148 Pre\u00adzi\u00adden\u00adti Wla\u00addi\u00admir Pu\u00adtin bi\u00adlen du\u00ad\u015fu\u00ad\u015fy\u00adgyn\u00adda Rus\u00adsi\u00ad\u00fda\u00adny\u0148 or\u00adbi\u00adta stan\u00adsi\u00ad\u00fda\u00adsy\u00adny\u0148 (ROS) 2032-nji \u00fdy\u00adla \u00e7en\u00adli d\u00f6\u00adre\u00addil\u00adme\u00adgi\u00adni\u0148 wa\u00adjyp\u00addy\u00adgy\u00adny ha\u00adbar be\u00adrip\u00addi. Bo\u00adri\u00adso\u00adwy\u0148 pi\u00adki\u00adri\u00ad\u00e7e, ROS Rus\u00adsi\u00ad\u00fda\u00adny\u0148 HKS-d\u00e4\u00adki b\u00f6\u00adl\u00fc\u00admi\u00adne g\u00f6\u00adr\u00e4 has ne\u00adti\u00adje\u00adli i\u015f\u00adl\u00e4r. \u015ee\u00fd\u00adle hem ROS-y\u0148 il\u00adkin\u00adji eki\u00adpa\u00ad\u017ey\u00adny\u0148 iki kos\u00admo\u00adnawt\u00addan yba\u00adrat bol\u00adjak\u00addy\u00adgy ha\u00adbar be\u00adril\u00addi.<\/p>\n","protected":false},"excerpt":{"rendered":"<p>GAR iki ze\u00adnan ast\u00adro\u00adnaw\u00adty\u00adny kos\u00admo\u00adsa u\u00e7u\u00ad\u015fy\u00adny gu\u00adra\u00adma\u00adgy we ola\u00adry Hal\u00adka\u00adra kos\u00admos stan\u00adsivasy\u00adna iber\u00adme\u00adgi me\u00ad\u00fdil\u00adle\u015f\u00addir\u00ad\u00fd\u00e4r. Bu ba\u00adra\u00adda G\u00fc\u00adnor\u00adta Af\u00adri\u00adka Res\u00adpub\u00adli\u00adka\u00adsy\u00adny\u0148 (GAR) Mil\u00adli kos\u00admos agent\u00adli\u00adgi\u00adni\u0148 \u00fde\u00adri\u00adne \u00fde\u00adti\u00adri\u00adji di\u00adrek\u00adto\u00adry Hum\u00adbu\u00adla\u00adni Mu\u00addau ha\u00adbar ber\u00addi. Ol bu tek\u00adli\u00adbi \u201cRos\u00adkos\u00admos\u201d-y\u0148 \u00fde\u00adri\u00adne \u00fde\u00adti\u00adri\u00adji di\u00adrek\u00adto\u00adry \u00ddu\u00adri\u00fd Bo\u00adri\u00adsow bi\u00adlen ge\u00ad\u00e7i\u00adri\u00adlen du\u00ad\u015fu\u00ad\u015fyk\u00adda \u00f6\u0148e s\u00fcr\u00addi di\u00ad\u00fdip, TASS ha\u00adbar ber\u00ad\u00fd\u00e4r. \u00dde\u00adri ge\u00adlen\u00adde bel\u00adle\u00adsek, \u00ddu\u00adri\u00fd Bo\u00adri\u00adsow Rus\u00adsi\u00ad\u00fda Fe\u00adde\u00adra\u00adsi\u00ad\u00fda\u00adsy\u00adny\u0148 [&hellip;]<\/p>\n","protected":false},"author":1,"featured_media":83030,"comment_status":"open","ping_status":"closed","sticky":false,"template":"","format":"standard","meta":{"footnotes":""},"categories":[5],"tags":[],"acf":[],"_links":{"self":[{"href":"https:\/\/zamanturkmenistan.com.tm\/index.php?rest_route=\/wp\/v2\/posts\/83015"}],"collection":[{"href":"https:\/\/zamanturkmenistan.com.tm\/index.php?rest_route=\/wp\/v2\/posts"}],"about":[{"href":"https:\/\/zamanturkmenistan.com.tm\/index.php?rest_route=\/wp\/v2\/types\/post"}],"author":[{"embeddable":true,"href":"https:\/\/zamanturkmenistan.com.tm\/index.php?rest_route=\/wp\/v2\/users\/1"}],"replies":[{"embeddable":true,"href":"https:\/\/zamanturkmenistan.com.tm\/index.php?rest_route=%2Fwp%2Fv2%2Fcomments&post=83015"}],"version-history":[{"count":7,"href":"https:\/\/zamanturkmenistan.com.tm\/index.php?rest_route=\/wp\/v2\/posts\/83015\/revisions"}],"predecessor-version":[{"id":83031,"href":"https:\/\/zamanturkmenistan.com.tm\/index.php?rest_route=\/wp\/v2\/posts\/83015\/revisions\/83031"}],"wp:featuredmedia":[{"embeddable":true,"href":"https:\/\/zamanturkmenistan.com.tm\/index.php?rest_route=\/wp\/v2\/media\/83030"}],"wp:attachment":[{"href":"https:\/\/zamanturkmenistan.com.tm\/index.php?rest_route=%2Fwp%2Fv2%2Fmedia&parent=83015"}],"wp:term":[{"taxonomy":"category","embeddable":true,"href":"https:\/\/zamanturkmenistan.com.tm\/index.php?rest_route=%2Fwp%2Fv2%2Fcategories&post=83015"},{"taxonomy":"post_tag","embeddable":true,"href":"https:\/\/zamanturkmenistan.com.tm\/index.php?rest_route=%2Fwp%2Fv2%2Ftags&post=83015"}],"curies":[{"name":"wp","href":"https:\/\/api.w.org\/{rel}","templated":true}]}}