{"id":83089,"date":"2023-07-25T16:56:02","date_gmt":"2023-07-25T11:56:02","guid":{"rendered":"https:\/\/zamanturkmenistan.com.tm\/?p=83089"},"modified":"2023-07-25T16:56:02","modified_gmt":"2023-07-25T11:56:02","slug":"yurdumyza-oba-hojalyk-tehnikalarynyn-taze-tapgyry-gelip-gowusdy","status":"publish","type":"post","link":"https:\/\/zamanturkmenistan.com.tm\/?p=83089","title":{"rendered":"\u00ddurdumyza oba hojalyk tehnikalaryny\u0148 t\u00e4ze tapgyry gelip gowu\u015fdy"},"content":{"rendered":"<p>Go\u00adla\u00fd\u00adda T\u00fcrk\u00adme\u00adnis\u00adta\u00adny\u0148 Oba ho\u00adja\u00adlyk mi\u00adnistr\u00adli\u00adgi\u00adni\u0148 yg\u00adty\u00ad\u00fda\u00adry\u00adna ge\u00adlen oba ho\u00adja\u00adlyk teh\u00adni\u00adka\u00adla\u00adry\u00adny\u0148 t\u00e4\u00adze bir tap\u00adgy\u00adry \u00fdo\u00adka\u00adry ru\u00adhu\u00adbe\u00adlent\u00adlik\u00adde ka\u00adbul edil\u00addi. Bu ba\u00adra\u00adda Hal\u00adka\u00adra ha\u00adbar\u00adlar mer\u00adke\u00adzi ha\u00adbar ber\u00addi.Da\u00fd\u00adhan\u00adlar\u00addyr k\u00e4\u00adren\u00adde\u00ad\u00e7i\u00adler T\u00fcrk\u00adme\u00adnis\u00adta\u00adny\u0148 Pre\u00adzi\u00adden\u00adti\u00adni\u0148 sow\u00adga\u00addy\u00adny asyl\u00adly d\u00e4p-des\u00adsur\u00adla\u00adra g\u00f6\u00adr\u00e4 bu\u00fd\u00adsan\u00e7 bi\u00adlen ka\u00adbul et\u00addi\u00adler.<br \/>\n\u00ddur\u00addu\u0148 se\u00adbit\u00adle\u00adri\u00adne ibe\u00adri\u00adlen t\u00e4\u00adze oba ho\u00adja\u00adlyk teh\u00adni\u00adka\u00adla\u00adry \u00fder\u00adler\u00adde da\u00fd\u00adhan\u00adla\u00adry\u0148 \u00fda\u00adkyn \u00fdar\u00addam\u00ad\u00e7y\u00adsy\u00adna \u00f6w\u00adr\u00fc\u00adler.<\/p>\n","protected":false},"excerpt":{"rendered":"<p>Go\u00adla\u00fd\u00adda T\u00fcrk\u00adme\u00adnis\u00adta\u00adny\u0148 Oba ho\u00adja\u00adlyk mi\u00adnistr\u00adli\u00adgi\u00adni\u0148 yg\u00adty\u00ad\u00fda\u00adry\u00adna ge\u00adlen oba ho\u00adja\u00adlyk teh\u00adni\u00adka\u00adla\u00adry\u00adny\u0148 t\u00e4\u00adze bir tap\u00adgy\u00adry \u00fdo\u00adka\u00adry ru\u00adhu\u00adbe\u00adlent\u00adlik\u00adde ka\u00adbul edil\u00addi. Bu ba\u00adra\u00adda Hal\u00adka\u00adra ha\u00adbar\u00adlar mer\u00adke\u00adzi ha\u00adbar ber\u00addi.Da\u00fd\u00adhan\u00adlar\u00addyr k\u00e4\u00adren\u00adde\u00ad\u00e7i\u00adler T\u00fcrk\u00adme\u00adnis\u00adta\u00adny\u0148 Pre\u00adzi\u00adden\u00adti\u00adni\u0148 sow\u00adga\u00addy\u00adny asyl\u00adly d\u00e4p-des\u00adsur\u00adla\u00adra g\u00f6\u00adr\u00e4 bu\u00fd\u00adsan\u00e7 bi\u00adlen ka\u00adbul et\u00addi\u00adler. \u00ddur\u00addu\u0148 se\u00adbit\u00adle\u00adri\u00adne ibe\u00adri\u00adlen t\u00e4\u00adze oba ho\u00adja\u00adlyk teh\u00adni\u00adka\u00adla\u00adry \u00fder\u00adler\u00adde da\u00fd\u00adhan\u00adla\u00adry\u0148 \u00fda\u00adkyn \u00fdar\u00addam\u00ad\u00e7y\u00adsy\u00adna \u00f6w\u00adr\u00fc\u00adler.<\/p>\n","protected":false},"author":2,"featured_media":83090,"comment_status":"open","ping_status":"closed","sticky":false,"template":"","format":"standard","meta":{"footnotes":""},"categories":[3],"tags":[],"acf":[],"_links":{"self":[{"href":"https:\/\/zamanturkmenistan.com.tm\/index.php?rest_route=\/wp\/v2\/posts\/83089"}],"collection":[{"href":"https:\/\/zamanturkmenistan.com.tm\/index.php?rest_route=\/wp\/v2\/posts"}],"about":[{"href":"https:\/\/zamanturkmenistan.com.tm\/index.php?rest_route=\/wp\/v2\/types\/post"}],"author":[{"embeddable":true,"href":"https:\/\/zamanturkmenistan.com.tm\/index.php?rest_route=\/wp\/v2\/users\/2"}],"replies":[{"embeddable":true,"href":"https:\/\/zamanturkmenistan.com.tm\/index.php?rest_route=%2Fwp%2Fv2%2Fcomments&post=83089"}],"version-history":[{"count":1,"href":"https:\/\/zamanturkmenistan.com.tm\/index.php?rest_route=\/wp\/v2\/posts\/83089\/revisions"}],"predecessor-version":[{"id":83091,"href":"https:\/\/zamanturkmenistan.com.tm\/index.php?rest_route=\/wp\/v2\/posts\/83089\/revisions\/83091"}],"wp:featuredmedia":[{"embeddable":true,"href":"https:\/\/zamanturkmenistan.com.tm\/index.php?rest_route=\/wp\/v2\/media\/83090"}],"wp:attachment":[{"href":"https:\/\/zamanturkmenistan.com.tm\/index.php?rest_route=%2Fwp%2Fv2%2Fmedia&parent=83089"}],"wp:term":[{"taxonomy":"category","embeddable":true,"href":"https:\/\/zamanturkmenistan.com.tm\/index.php?rest_route=%2Fwp%2Fv2%2Fcategories&post=83089"},{"taxonomy":"post_tag","embeddable":true,"href":"https:\/\/zamanturkmenistan.com.tm\/index.php?rest_route=%2Fwp%2Fv2%2Ftags&post=83089"}],"curies":[{"name":"wp","href":"https:\/\/api.w.org\/{rel}","templated":true}]}}