{"id":83097,"date":"2023-07-25T17:29:49","date_gmt":"2023-07-25T12:29:49","guid":{"rendered":"https:\/\/zamanturkmenistan.com.tm\/?p=83097"},"modified":"2023-07-25T17:29:49","modified_gmt":"2023-07-25T12:29:49","slug":"fransuzcanyn-resmi-dil-statusy-yatyryldy","status":"publish","type":"post","link":"https:\/\/zamanturkmenistan.com.tm\/?p=83097","title":{"rendered":"Fransuz\u00e7any\u0148 resmi dil statusy \u00fdatyryldy"},"content":{"rendered":"<p>Ma\u00adli\u00adde t\u00e4\u00adze kons\u00adti\u00adtu\u00adsi\u00ad\u00fda ka\u00adbul edi\u00adlip, \u00fdur\u00addu\u0148 ba\u015f ka\u00adnu\u00adnyn\u00adda dil ba\u00adra\u00adda mad\u00adda\u00adlar hem gi\u00adri\u00adzil\u00addi. T\u00e4\u00adze ka\u00adnun\u00adda 1960-njy \u00fdyl\u00adda ga\u00adra\u015f\u00adsyz bo\u00adla\u00adnyn\u00addan b\u00e4\u00adri res\u00admi dil bo\u00adlan fran\u00adsuz\u00ad\u00e7a\u00adny\u0148 sta\u00adtu\u00adsy \u00fc\u00fdt\u00adge\u00addi\u00adlip, bu dil i\u015f di\u00adli ka\u00adbul edil\u00addi. \u00ddurt\u00adda ge\u00ad\u00e7en a\u00fdy\u0148 18-ne t\u00e4\u00adze kons\u00adti\u00adtu\u00adsi\u00ad\u00fda\u00adny\u0148 ka\u00adbul edil\u00adme\u00adgi \u00fc\u00e7in re\u00adfe\u00adren\u00addum ge\u00ad\u00e7i\u00adril\u00addi. Sa\u00adla sal\u00ad\u015fy\u00adga gat\u00adna\u00ad\u015fan\u00adla\u00adry\u0148 96,91 g\u00f6\u00adte\u00adri\u00admi t\u00e4\u00adze ka\u00adnu\u00adny o\u0148\u00adla\u00addy. Bu ka\u00adnun Kons\u00adti\u00adtu\u00adsi\u00adon ka\u00adzy\u00ad\u00fde\u00adti\u00adni\u0148 hem ka\u00adbul et\u00adme\u00adgi bi\u00adlen g\u00fc\u00fd\u00adje gir\u00addi.<br \/>\n\u00ddurt\u00adda 70 t\u00f6\u00adwe\u00adre\u00adgi \u00fder\u00adli dil\u00adde gep\u00adle\u00ad\u015fil\u00ad\u00fd\u00e4r. 1982-nji \u00fdyl\u00adda \u00e7y\u00adka\u00adry\u00adlan ka\u00adnun bi\u00adlen bam\u00adba\u00adra, bo\u00adbo, bo\u00adzo, do\u00adgon, fu\u00adla\u00adni, mau\u00adre, mi\u00adni\u00ad\u00fdan\u00adka, ma\u00adlin\u00adke, sa\u00adra\u00adko\u00adle, sonr\u00adhai, se\u00adnou\u00adfo, has\u00adson\u00adke we ta\u00adma\u00ad\u015fek dil\u00adle\u00adri mil\u00adli dil sta\u00adtu\u00adsy\u00adny alyp\u00addy. \u015ee\u00fd\u00adle\u00adlik\u00adde t\u00e4\u00adze kons\u00adti\u00adtu\u00adsi\u00ad\u00fda\u00adda \u00fdurt\u00adda has k\u00f6p gep\u00adle\u00ad\u015fil\u00ad\u00fd\u00e4n bu 13 dil res\u00admi dil di\u00fd\u00adlip ka\u00adbul edil\u00addi.<br \/>\n\u015eu a\u00fdy\u0148 ba\u00ad\u015fyn\u00adda Ma\u00adrok\u00adka\u00adda hem d\u00f6w\u00adle\u00adti do\u00adlan\u00addyr\u00admak\u00adda we hu\u00adsu\u00adsy eda\u00adra-k\u00e4r\u00adha\u00adna\u00adlar\u00adda fran\u00adsuz\u00ad\u00e7a\u00adny\u0148 \u00fde\u00adri\u00adne arap di\u00adli\u00adni res\u00admi dil h\u00f6k\u00adm\u00fcn\u00adde ka\u00adbul edip\u00addi. Al\u00ad\u017eir\u00adde we Ru\u00adan\u00adda\u00adda hem so\u0148\u00adky \u00fdyl\u00adlar\u00adda mek\u00addep\u00adler\u00adde fran\u00adsuz di\u00adli\u00adni\u0148 \u00fde\u00adri\u00adne i\u0148\u00adlis di\u00adli has k\u00f6p oka\u00addy\u00adlyp ba\u015f\u00adla\u00adnyp\u00addy.<\/p>\n","protected":false},"excerpt":{"rendered":"<p>Ma\u00adli\u00adde t\u00e4\u00adze kons\u00adti\u00adtu\u00adsi\u00ad\u00fda ka\u00adbul edi\u00adlip, \u00fdur\u00addu\u0148 ba\u015f ka\u00adnu\u00adnyn\u00adda dil ba\u00adra\u00adda mad\u00adda\u00adlar hem gi\u00adri\u00adzil\u00addi. T\u00e4\u00adze ka\u00adnun\u00adda 1960-njy \u00fdyl\u00adda ga\u00adra\u015f\u00adsyz bo\u00adla\u00adnyn\u00addan b\u00e4\u00adri res\u00admi dil bo\u00adlan fran\u00adsuz\u00ad\u00e7a\u00adny\u0148 sta\u00adtu\u00adsy \u00fc\u00fdt\u00adge\u00addi\u00adlip, bu dil i\u015f di\u00adli ka\u00adbul edil\u00addi. \u00ddurt\u00adda ge\u00ad\u00e7en a\u00fdy\u0148 18-ne t\u00e4\u00adze kons\u00adti\u00adtu\u00adsi\u00ad\u00fda\u00adny\u0148 ka\u00adbul edil\u00adme\u00adgi \u00fc\u00e7in re\u00adfe\u00adren\u00addum ge\u00ad\u00e7i\u00adril\u00addi. Sa\u00adla sal\u00ad\u015fy\u00adga gat\u00adna\u00ad\u015fan\u00adla\u00adry\u0148 96,91 g\u00f6\u00adte\u00adri\u00admi t\u00e4\u00adze ka\u00adnu\u00adny o\u0148\u00adla\u00addy. Bu ka\u00adnun Kons\u00adti\u00adtu\u00adsi\u00adon ka\u00adzy\u00ad\u00fde\u00adti\u00adni\u0148 [&hellip;]<\/p>\n","protected":false},"author":2,"featured_media":83098,"comment_status":"open","ping_status":"closed","sticky":false,"template":"","format":"standard","meta":{"footnotes":""},"categories":[5],"tags":[],"acf":[],"_links":{"self":[{"href":"https:\/\/zamanturkmenistan.com.tm\/index.php?rest_route=\/wp\/v2\/posts\/83097"}],"collection":[{"href":"https:\/\/zamanturkmenistan.com.tm\/index.php?rest_route=\/wp\/v2\/posts"}],"about":[{"href":"https:\/\/zamanturkmenistan.com.tm\/index.php?rest_route=\/wp\/v2\/types\/post"}],"author":[{"embeddable":true,"href":"https:\/\/zamanturkmenistan.com.tm\/index.php?rest_route=\/wp\/v2\/users\/2"}],"replies":[{"embeddable":true,"href":"https:\/\/zamanturkmenistan.com.tm\/index.php?rest_route=%2Fwp%2Fv2%2Fcomments&post=83097"}],"version-history":[{"count":1,"href":"https:\/\/zamanturkmenistan.com.tm\/index.php?rest_route=\/wp\/v2\/posts\/83097\/revisions"}],"predecessor-version":[{"id":83099,"href":"https:\/\/zamanturkmenistan.com.tm\/index.php?rest_route=\/wp\/v2\/posts\/83097\/revisions\/83099"}],"wp:featuredmedia":[{"embeddable":true,"href":"https:\/\/zamanturkmenistan.com.tm\/index.php?rest_route=\/wp\/v2\/media\/83098"}],"wp:attachment":[{"href":"https:\/\/zamanturkmenistan.com.tm\/index.php?rest_route=%2Fwp%2Fv2%2Fmedia&parent=83097"}],"wp:term":[{"taxonomy":"category","embeddable":true,"href":"https:\/\/zamanturkmenistan.com.tm\/index.php?rest_route=%2Fwp%2Fv2%2Fcategories&post=83097"},{"taxonomy":"post_tag","embeddable":true,"href":"https:\/\/zamanturkmenistan.com.tm\/index.php?rest_route=%2Fwp%2Fv2%2Ftags&post=83097"}],"curies":[{"name":"wp","href":"https:\/\/api.w.org\/{rel}","templated":true}]}}