{"id":83131,"date":"2023-07-25T09:35:54","date_gmt":"2023-07-25T04:35:54","guid":{"rendered":"https:\/\/zamanturkmenistan.com.tm\/?p=83131"},"modified":"2023-07-26T09:38:07","modified_gmt":"2023-07-26T04:38:07","slug":"turkmen-wekiliyetinin-katara-is-sapary","status":"publish","type":"post","link":"https:\/\/zamanturkmenistan.com.tm\/?p=83131","title":{"rendered":"T\u00fcrkmen wekili\u00fdetini\u0148 Katara i\u015f sapary"},"content":{"rendered":"<p>17-21-nji i\u00fdul ara\u00adly\u00adgyn\u00adda T\u00fcrk\u00adme\u00adnis\u00adta\u00adny\u0148 s\u00f6w\u00adda-se\u00adna\u00adgat eda\u00adra\u00adsy\u00adny\u0148 ba\u015f\u00adly\u00adgy M.Gur\u00addo\u00adwy\u0148 \u00fdol\u00adba\u015f\u00ad\u00e7y\u00adly\u00adgyn\u00adda\u00adky we\u00adki\u00adli\u00ad\u00fde\u00adti\u0148 Ka\u00adtar D\u00f6w\u00adle\u00adti\u00adni\u0148 Do\u00adha \u015f\u00e4\u00adhe\u00adri\u00adne i\u015f sa\u00adpa\u00adry ama\u00adla a\u015fy\u00adryl\u00addy.<br \/>\nI\u015f sa\u00adpa\u00adry\u00adny\u0148 do\u00adwa\u00admyn\u00adda 2023-nji \u00fdy\u00adly\u0148 2-nji okt\u00ad\u00fdab\u00adry 2024-nji \u00fdy\u00adly\u0148 28-nji mar\u00adty ara\u00adly\u00adgyn\u00adda Ka\u00adtar\u00adda ge\u00ad\u00e7i\u00adril\u00adjek \u201cEks\u00adpo-2023 Do\u00adha\u201d at\u00adly hal\u00adka\u00adra ser\u00adgi\u00adsi\u00adne T\u00fcrk\u00adme\u00adnis\u00adta\u00adny\u0148 gat\u00adna\u015f\u00adma\u00adgy bi\u00adlen bag\u00adly me\u00adse\u00adle\u00adler ara al\u00adnyp mas\u00adla\u00adhat\u00adla\u00ad\u015fyl\u00addy.<br \/>\nT\u00fcrk\u00adme\u00adnis\u00adta\u00adny\u0148 we\u00adki\u00adli\u00ad\u00fde\u00adti bu hal\u00adka\u00adra ser\u00adgi\u00adni\u0148 Ba\u015f sek\u00adre\u00adta\u00adry Mo\u00adham\u00admed Ali Al Hoo\u00adri bi\u00adlen du\u00ad\u015fu\u00ad\u015fyk ge\u00ad\u00e7ir\u00addi. Ne\u00adti\u00adje\u00adli gep\u00adle\u00ad\u015fik\u00adler\u00adden so\u0148\u00adra T\u00fcrk\u00adme\u00adnis\u00adta\u00adny\u0148 \u201cEks\u00adpo-2023 Do\u00adha\u201d hal\u00adka\u00adra ser\u00adgi\u00adsi\u00adne gat\u00adna\u015f\u00adma\u00adgy bo\u00ad\u00fdun\u00ad\u00e7a de\u00adgi\u015f\u00adli yla\u00adla\u00ad\u015fy\u00adga gol \u00e7e\u00adki\u015f\u00admek da\u00adba\u00adra\u00adsy bol\u00addy.<br \/>\n\u015ee\u00fd\u00adle hem t\u00fcrk\u00admen we\u00adki\u00adli\u00ad\u00fde\u00adti\u00adni\u0148 sa\u00adpa\u00adry\u00adny\u0148 \u00e7\u00e4k\u00adle\u00adrin\u00adde Ka\u00adtar D\u00f6w\u00adle\u00adti\u00adni\u0148 s\u00f6w\u00adda-se\u00adna\u00adgat eda\u00adra\u00adsy\u00adny\u0148 \u00fdol\u00adba\u015f\u00ad\u00e7y\u00adla\u00adry bi\u00adlen iki\u00adta\u00adrap\u00adla\u00ad\u00fdyn s\u00f6w\u00adda-yk\u00addy\u00adsa\u00addy gat\u00adna\u00ad\u015fyk\u00adla\u00adry has-da i\u015f\u00adje\u0148\u00adle\u015f\u00addir\u00admek ba\u00adba\u00adtyn\u00adda du\u00ad\u015fu\u00ad\u015fyk ge\u00ad\u00e7i\u00adril\u00addi.<\/p>\n","protected":false},"excerpt":{"rendered":"<p>17-21-nji i\u00fdul ara\u00adly\u00adgyn\u00adda T\u00fcrk\u00adme\u00adnis\u00adta\u00adny\u0148 s\u00f6w\u00adda-se\u00adna\u00adgat eda\u00adra\u00adsy\u00adny\u0148 ba\u015f\u00adly\u00adgy M.Gur\u00addo\u00adwy\u0148 \u00fdol\u00adba\u015f\u00ad\u00e7y\u00adly\u00adgyn\u00adda\u00adky we\u00adki\u00adli\u00ad\u00fde\u00adti\u0148 Ka\u00adtar D\u00f6w\u00adle\u00adti\u00adni\u0148 Do\u00adha \u015f\u00e4\u00adhe\u00adri\u00adne i\u015f sa\u00adpa\u00adry ama\u00adla a\u015fy\u00adryl\u00addy. I\u015f sa\u00adpa\u00adry\u00adny\u0148 do\u00adwa\u00admyn\u00adda 2023-nji \u00fdy\u00adly\u0148 2-nji okt\u00ad\u00fdab\u00adry 2024-nji \u00fdy\u00adly\u0148 28-nji mar\u00adty ara\u00adly\u00adgyn\u00adda Ka\u00adtar\u00adda ge\u00ad\u00e7i\u00adril\u00adjek \u201cEks\u00adpo-2023 Do\u00adha\u201d at\u00adly hal\u00adka\u00adra ser\u00adgi\u00adsi\u00adne T\u00fcrk\u00adme\u00adnis\u00adta\u00adny\u0148 gat\u00adna\u015f\u00adma\u00adgy bi\u00adlen bag\u00adly me\u00adse\u00adle\u00adler ara al\u00adnyp mas\u00adla\u00adhat\u00adla\u00ad\u015fyl\u00addy. T\u00fcrk\u00adme\u00adnis\u00adta\u00adny\u0148 we\u00adki\u00adli\u00ad\u00fde\u00adti bu hal\u00adka\u00adra ser\u00adgi\u00adni\u0148 Ba\u015f sek\u00adre\u00adta\u00adry Mo\u00adham\u00admed Ali Al [&hellip;]<\/p>\n","protected":false},"author":2,"featured_media":83132,"comment_status":"open","ping_status":"closed","sticky":false,"template":"","format":"standard","meta":{"footnotes":""},"categories":[3],"tags":[],"acf":[],"_links":{"self":[{"href":"https:\/\/zamanturkmenistan.com.tm\/index.php?rest_route=\/wp\/v2\/posts\/83131"}],"collection":[{"href":"https:\/\/zamanturkmenistan.com.tm\/index.php?rest_route=\/wp\/v2\/posts"}],"about":[{"href":"https:\/\/zamanturkmenistan.com.tm\/index.php?rest_route=\/wp\/v2\/types\/post"}],"author":[{"embeddable":true,"href":"https:\/\/zamanturkmenistan.com.tm\/index.php?rest_route=\/wp\/v2\/users\/2"}],"replies":[{"embeddable":true,"href":"https:\/\/zamanturkmenistan.com.tm\/index.php?rest_route=%2Fwp%2Fv2%2Fcomments&post=83131"}],"version-history":[{"count":1,"href":"https:\/\/zamanturkmenistan.com.tm\/index.php?rest_route=\/wp\/v2\/posts\/83131\/revisions"}],"predecessor-version":[{"id":83133,"href":"https:\/\/zamanturkmenistan.com.tm\/index.php?rest_route=\/wp\/v2\/posts\/83131\/revisions\/83133"}],"wp:featuredmedia":[{"embeddable":true,"href":"https:\/\/zamanturkmenistan.com.tm\/index.php?rest_route=\/wp\/v2\/media\/83132"}],"wp:attachment":[{"href":"https:\/\/zamanturkmenistan.com.tm\/index.php?rest_route=%2Fwp%2Fv2%2Fmedia&parent=83131"}],"wp:term":[{"taxonomy":"category","embeddable":true,"href":"https:\/\/zamanturkmenistan.com.tm\/index.php?rest_route=%2Fwp%2Fv2%2Fcategories&post=83131"},{"taxonomy":"post_tag","embeddable":true,"href":"https:\/\/zamanturkmenistan.com.tm\/index.php?rest_route=%2Fwp%2Fv2%2Ftags&post=83131"}],"curies":[{"name":"wp","href":"https:\/\/api.w.org\/{rel}","templated":true}]}}