{"id":83142,"date":"2023-07-26T11:39:34","date_gmt":"2023-07-26T06:39:34","guid":{"rendered":"https:\/\/zamanturkmenistan.com.tm\/?p=83142"},"modified":"2023-07-26T11:39:34","modified_gmt":"2023-07-26T06:39:34","slug":"wan-i-hytayyn-dasary-syyasat-edarasynyn-taze-baslygy-boldy","status":"publish","type":"post","link":"https:\/\/zamanturkmenistan.com.tm\/?p=83142","title":{"rendered":"Wan I Hyta\u00fdy\u0148 da\u015fary sy\u00fdasat edarasyny\u0148 t\u00e4ze ba\u015flygy boldy"},"content":{"rendered":"<p>Hy\u00adta\u00ad\u00fdy\u0148 da\u00ad\u015fa\u00adry i\u015f\u00adler mi\u00adnistr\u00adli\u00adgi\u00adni\u0148 ba\u015f\u00adly\u00adgy we\u00adzi\u00adpe\u00adsi\u00adne Wan I bel\u00adlen\u00addi. Bu ba\u00adra\u00adda \u201cSin\u00adhua\u201d ha\u00adbar\u00adlar gul\u00adlu\u00adgy ha\u00adbar ber\u00addi.<br \/>\nHy\u00adta\u00ad\u00fdy\u0148 mej\u00adli\u00adsi Hy\u00adta\u00ad\u00fdy\u0148 da\u00ad\u015fa\u00adry i\u015f\u00adler mi\u00adnist\u00adri Sin Ga\u00adny we\u00adzi\u00adpe\u00adsin\u00adden a\u00fd\u00adryp, o\u0148a \u00fde\u00adne-de Hy\u00adta\u00ad\u00fdy\u0148 Kom\u00admu\u00adnis\u00adtik par\u00adti\u00ad\u00fda\u00adsy\u00adny\u0148 Mer\u00adke\u00adzi ko\u00admi\u00adte\u00adti\u00adni\u0148 da\u00ad\u015fa\u00adry gat\u00adna\u00ad\u015fyk\u00adlar ko\u00admis\u00adsi\u00ad\u00fda\u00adsy\u00adny\u0148 di\u00adwa\u00adny\u00adny\u0148 ba\u015f\u00adly\u00adgy, Sy\u00ad\u00fda\u00adsy b\u00fdu\u00adro\u00adny\u0148 ag\u00adza\u00adsy Wan I\u00fdi bel\u00adle\u00addi. De\u00adgi\u015f\u00adli ka\u00adra\u00adra Hy\u00adta\u00ad\u00fdy\u0148 Ba\u015f\u00adly\u00adgy Si Szin\u00adpin gol \u00e7ek\u00addi.<br \/>\nWan I 2013-nji \u00fdyl\u00addan 2022-nji \u00fdy\u00adly\u0148 ahy\u00adry\u00adna \u00e7en\u00adli Hy\u00adta\u00ad\u00fdy\u0148 da\u00ad\u015fa\u00adry i\u015f\u00adler mi\u00adnist\u00adri bo\u00adlup i\u015f\u00adle\u00addi, so\u0148\u00adra 2023-nji \u00fdy\u00adly\u0148 \u00fdan\u00adwar a\u00fdyn\u00addan ba\u015f\u00adlap, Hy\u00adta\u00ad\u00fdy\u0148 Kom\u00admi\u00adnis\u00adtik par\u00adti\u00ad\u00fda\u00adsy\u00adny\u0148 Mer\u00adke\u00adzi ko\u00admi\u00adte\u00adti\u00adni\u0148 da\u00ad\u015fa\u00adry gat\u00adna\u00ad\u015fyk\u00adlar ko\u00admis\u00adsi\u00ad\u00fda\u00adsy\u00adny\u0148 di\u00adwa\u00adny\u00adny\u0148 ba\u015f\u00adly\u00adgy we\u00adzi\u00adpe\u00adsi\u00adne bel\u00adlen\u00addi.<\/p>\n","protected":false},"excerpt":{"rendered":"<p>Hy\u00adta\u00ad\u00fdy\u0148 da\u00ad\u015fa\u00adry i\u015f\u00adler mi\u00adnistr\u00adli\u00adgi\u00adni\u0148 ba\u015f\u00adly\u00adgy we\u00adzi\u00adpe\u00adsi\u00adne Wan I bel\u00adlen\u00addi. Bu ba\u00adra\u00adda \u201cSin\u00adhua\u201d ha\u00adbar\u00adlar gul\u00adlu\u00adgy ha\u00adbar ber\u00addi. Hy\u00adta\u00ad\u00fdy\u0148 mej\u00adli\u00adsi Hy\u00adta\u00ad\u00fdy\u0148 da\u00ad\u015fa\u00adry i\u015f\u00adler mi\u00adnist\u00adri Sin Ga\u00adny we\u00adzi\u00adpe\u00adsin\u00adden a\u00fd\u00adryp, o\u0148a \u00fde\u00adne-de Hy\u00adta\u00ad\u00fdy\u0148 Kom\u00admu\u00adnis\u00adtik par\u00adti\u00ad\u00fda\u00adsy\u00adny\u0148 Mer\u00adke\u00adzi ko\u00admi\u00adte\u00adti\u00adni\u0148 da\u00ad\u015fa\u00adry gat\u00adna\u00ad\u015fyk\u00adlar ko\u00admis\u00adsi\u00ad\u00fda\u00adsy\u00adny\u0148 di\u00adwa\u00adny\u00adny\u0148 ba\u015f\u00adly\u00adgy, Sy\u00ad\u00fda\u00adsy b\u00fdu\u00adro\u00adny\u0148 ag\u00adza\u00adsy Wan I\u00fdi bel\u00adle\u00addi. De\u00adgi\u015f\u00adli ka\u00adra\u00adra Hy\u00adta\u00ad\u00fdy\u0148 Ba\u015f\u00adly\u00adgy Si Szin\u00adpin gol \u00e7ek\u00addi. Wan I 2013-nji [&hellip;]<\/p>\n","protected":false},"author":2,"featured_media":83143,"comment_status":"open","ping_status":"closed","sticky":false,"template":"","format":"standard","meta":{"footnotes":""},"categories":[5],"tags":[],"acf":[],"_links":{"self":[{"href":"https:\/\/zamanturkmenistan.com.tm\/index.php?rest_route=\/wp\/v2\/posts\/83142"}],"collection":[{"href":"https:\/\/zamanturkmenistan.com.tm\/index.php?rest_route=\/wp\/v2\/posts"}],"about":[{"href":"https:\/\/zamanturkmenistan.com.tm\/index.php?rest_route=\/wp\/v2\/types\/post"}],"author":[{"embeddable":true,"href":"https:\/\/zamanturkmenistan.com.tm\/index.php?rest_route=\/wp\/v2\/users\/2"}],"replies":[{"embeddable":true,"href":"https:\/\/zamanturkmenistan.com.tm\/index.php?rest_route=%2Fwp%2Fv2%2Fcomments&post=83142"}],"version-history":[{"count":1,"href":"https:\/\/zamanturkmenistan.com.tm\/index.php?rest_route=\/wp\/v2\/posts\/83142\/revisions"}],"predecessor-version":[{"id":83144,"href":"https:\/\/zamanturkmenistan.com.tm\/index.php?rest_route=\/wp\/v2\/posts\/83142\/revisions\/83144"}],"wp:featuredmedia":[{"embeddable":true,"href":"https:\/\/zamanturkmenistan.com.tm\/index.php?rest_route=\/wp\/v2\/media\/83143"}],"wp:attachment":[{"href":"https:\/\/zamanturkmenistan.com.tm\/index.php?rest_route=%2Fwp%2Fv2%2Fmedia&parent=83142"}],"wp:term":[{"taxonomy":"category","embeddable":true,"href":"https:\/\/zamanturkmenistan.com.tm\/index.php?rest_route=%2Fwp%2Fv2%2Fcategories&post=83142"},{"taxonomy":"post_tag","embeddable":true,"href":"https:\/\/zamanturkmenistan.com.tm\/index.php?rest_route=%2Fwp%2Fv2%2Ftags&post=83142"}],"curies":[{"name":"wp","href":"https:\/\/api.w.org\/{rel}","templated":true}]}}