{"id":83152,"date":"2023-07-26T12:46:13","date_gmt":"2023-07-26T07:46:13","guid":{"rendered":"https:\/\/zamanturkmenistan.com.tm\/?p=83152"},"modified":"2023-07-26T12:46:13","modified_gmt":"2023-07-26T07:46:13","slug":"mask-tazelenen-twitter-i-dunyanin-in-gymmatly-brendi-etmegi-meyillesdiryar","status":"publish","type":"post","link":"https:\/\/zamanturkmenistan.com.tm\/?p=83152","title":{"rendered":"Mask t\u00e4zelenen \u201cTwitter\u201d-i d\u00fcn\u00fd\u00e4ni\u0148 i\u0148 gymmatly brendi etmegi me\u00fdille\u015fdir\u00fd\u00e4r"},"content":{"rendered":"<p>\u201cTwit\u00adter\u201d-i\u0148 ba\u015f di\u00adrek\u00adto\u00adry Ilon Mask, \u201cX\u201d di\u00ad\u00fdip ady\u00adny \u00fc\u00fdt\u00adge\u00adden jem\u00adgy\u00ad\u00fdet\u00ad\u00e7i\u00adlik to\u00adru\u00adny d\u00fcn\u00ad\u00fd\u00e4\u00adni\u0148 i\u0148 gym\u00admat\u00adly bren\u00addi\u00adne \u00f6w\u00fcr\u00adme\u00adgi me\u00ad\u00fdil\u00adle\u015f\u00addir\u00ad\u00fd\u00e4r.<br \/>\nMas\u00adky\u0148 a\u00fdt\u00adma\u00adgy\u00adna g\u00f6\u00adr\u00e4, ol t\u00e4\u00adze reb\u00adran\u00addin\u00adge a\u00fd\u00adra\u00adtyn bil bag\u00adla\u00ad\u00fdan\u00addy\u00adgy\u00adny a\u00fdt\u00addy.<br \/>\n\u201cTwit\u00adter\u201d so\u00adsi\u00adal ul\u00adga\u00admy du\u00ad\u015fen\u00adbe g\u00fc\u00adni lo\u00adgo\u00adti\u00adpi\u00adni t\u00e4\u00adze\u00adle\u00addi &#8211; sa\u00fdt\u00adda\u00adky g\u00f6k gu\u00ad\u015fu\u0148 \u00fde\u00adri\u00adne in\u00addi ak-ga\u00adra \u201cX\u201d harpyny g\u00f6\u00adr\u00fcp bol\u00ad\u00fdar. Mask \u201cX\u201d har\u00adpy\u00adny\u0148 yn\u00adsan\u00adla\u00adry\u0148 k\u00e4\u00admil d\u00e4l\u00addi\u00adgi\u00adni a\u0148\u00adlad\u00ad\u00fdan\u00addy\u00adgy\u00adny, bu bol\u00adsa, ola\u00adry \u00f6z\u00adbo\u00adlu\u015f\u00adly ed\u00ad\u00fd\u00e4n\u00addi\u00adgi\u00adni d\u00fc\u00ad\u015f\u00fcn\u00addir\u00addi. Mask lo\u00adgo\u00adti\u00adpi\u0148 \u00fcs\u00adt\u00fcn\u00adde \u00fde\u00adne-de i\u015f\u00adlen\u00adjek\u00addi\u00adgi\u00adni bel\u00adle\u00addi.<\/p>\n","protected":false},"excerpt":{"rendered":"<p>\u201cTwit\u00adter\u201d-i\u0148 ba\u015f di\u00adrek\u00adto\u00adry Ilon Mask, \u201cX\u201d di\u00ad\u00fdip ady\u00adny \u00fc\u00fdt\u00adge\u00adden jem\u00adgy\u00ad\u00fdet\u00ad\u00e7i\u00adlik to\u00adru\u00adny d\u00fcn\u00ad\u00fd\u00e4\u00adni\u0148 i\u0148 gym\u00admat\u00adly bren\u00addi\u00adne \u00f6w\u00fcr\u00adme\u00adgi me\u00ad\u00fdil\u00adle\u015f\u00addir\u00ad\u00fd\u00e4r. Mas\u00adky\u0148 a\u00fdt\u00adma\u00adgy\u00adna g\u00f6\u00adr\u00e4, ol t\u00e4\u00adze reb\u00adran\u00addin\u00adge a\u00fd\u00adra\u00adtyn bil bag\u00adla\u00ad\u00fdan\u00addy\u00adgy\u00adny a\u00fdt\u00addy. \u201cTwit\u00adter\u201d so\u00adsi\u00adal ul\u00adga\u00admy du\u00ad\u015fen\u00adbe g\u00fc\u00adni lo\u00adgo\u00adti\u00adpi\u00adni t\u00e4\u00adze\u00adle\u00addi &#8211; sa\u00fdt\u00adda\u00adky g\u00f6k gu\u00ad\u015fu\u0148 \u00fde\u00adri\u00adne in\u00addi ak-ga\u00adra \u201cX\u201d harpyny g\u00f6\u00adr\u00fcp bol\u00ad\u00fdar. Mask \u201cX\u201d har\u00adpy\u00adny\u0148 yn\u00adsan\u00adla\u00adry\u0148 k\u00e4\u00admil d\u00e4l\u00addi\u00adgi\u00adni a\u0148\u00adlad\u00ad\u00fdan\u00addy\u00adgy\u00adny, bu bol\u00adsa, ola\u00adry [&hellip;]<\/p>\n","protected":false},"author":2,"featured_media":83157,"comment_status":"open","ping_status":"closed","sticky":false,"template":"","format":"standard","meta":{"footnotes":""},"categories":[5,8],"tags":[],"acf":[],"_links":{"self":[{"href":"https:\/\/zamanturkmenistan.com.tm\/index.php?rest_route=\/wp\/v2\/posts\/83152"}],"collection":[{"href":"https:\/\/zamanturkmenistan.com.tm\/index.php?rest_route=\/wp\/v2\/posts"}],"about":[{"href":"https:\/\/zamanturkmenistan.com.tm\/index.php?rest_route=\/wp\/v2\/types\/post"}],"author":[{"embeddable":true,"href":"https:\/\/zamanturkmenistan.com.tm\/index.php?rest_route=\/wp\/v2\/users\/2"}],"replies":[{"embeddable":true,"href":"https:\/\/zamanturkmenistan.com.tm\/index.php?rest_route=%2Fwp%2Fv2%2Fcomments&post=83152"}],"version-history":[{"count":1,"href":"https:\/\/zamanturkmenistan.com.tm\/index.php?rest_route=\/wp\/v2\/posts\/83152\/revisions"}],"predecessor-version":[{"id":83158,"href":"https:\/\/zamanturkmenistan.com.tm\/index.php?rest_route=\/wp\/v2\/posts\/83152\/revisions\/83158"}],"wp:featuredmedia":[{"embeddable":true,"href":"https:\/\/zamanturkmenistan.com.tm\/index.php?rest_route=\/wp\/v2\/media\/83157"}],"wp:attachment":[{"href":"https:\/\/zamanturkmenistan.com.tm\/index.php?rest_route=%2Fwp%2Fv2%2Fmedia&parent=83152"}],"wp:term":[{"taxonomy":"category","embeddable":true,"href":"https:\/\/zamanturkmenistan.com.tm\/index.php?rest_route=%2Fwp%2Fv2%2Fcategories&post=83152"},{"taxonomy":"post_tag","embeddable":true,"href":"https:\/\/zamanturkmenistan.com.tm\/index.php?rest_route=%2Fwp%2Fv2%2Ftags&post=83152"}],"curies":[{"name":"wp","href":"https:\/\/api.w.org\/{rel}","templated":true}]}}