{"id":83216,"date":"2023-07-27T12:50:07","date_gmt":"2023-07-27T07:50:07","guid":{"rendered":"https:\/\/zamanturkmenistan.com.tm\/?p=83216"},"modified":"2023-07-27T12:50:07","modified_gmt":"2023-07-27T07:50:07","slug":"turkmenistanyn-tajigistanyn-we-ozbegistanyn-dasary-syyasy-edaralarynyn-yolbascylarynyn-geplesikleri-gecirildi","status":"publish","type":"post","link":"https:\/\/zamanturkmenistan.com.tm\/?p=83216","title":{"rendered":"T\u00fcrkmenistany\u0148, T\u00e4jigistany\u0148 we \u00d6zbegistany\u0148 da\u015fary sy\u00fdasy edaralaryny\u0148 \u00fdolba\u015f\u00e7ylaryny\u0148 geple\u015fikleri ge\u00e7irildi"},"content":{"rendered":"<p>26-njy i\u00fdul\u00adda wi\u00addeoa\u00adra\u00adgat\u00adna\u00ad\u015fyk g\u00f6r\u00adn\u00fc\u00ad\u015fin\u00adde T\u00fcrk\u00adme\u00adnis\u00adta\u00adny\u0148 da\u00ad\u015fa\u00adry i\u015f\u00adler mi\u00adnist\u00adri R.Me\u00adre\u00addo\u00adwy\u0148, T\u00e4\u00adji\u00adgis\u00adtan Res\u00adpub\u00adli\u00adka\u00adsy\u00adny\u0148 da\u00ad\u015fa\u00adry i\u015f\u00adler mi\u00adnist\u00adri S.Muh\u00adrid\u00addi\u00adni\u0148 we \u00d6z\u00adbe\u00adgis\u00adtan Res\u00adpub\u00adli\u00adka\u00adsy\u00adny\u0148 da\u00ad\u015fa\u00adry i\u015f\u00adler mi\u00adnist\u00adri B.Sai\u00addo\u00adwy\u0148 ara\u00adsyn\u00adda ge\u00ad\u0148e\u015f\u00adme\u00adler ge\u00ad\u00e7i\u00adril\u00addi.<br \/>\nDu\u00ad\u015fu\u00ad\u015fy\u00adgy\u0148 do\u00adwa\u00admyn\u00adda T\u00fcrk\u00adme\u00adnis\u00adta\u00adny\u0148, T\u00e4\u00adji\u00adgis\u00adta\u00adny\u0148 we \u00d6z\u00adbe\u00adgis\u00adta\u00adny\u0148 Pre\u00adzi\u00addent\u00adle\u00adri\u00adni\u0148 \u015fu \u00fdy\u00adly\u0148 aw\u00adgust a\u00fdy\u00adny\u0148 ba\u00ad\u015fyn\u00adda A\u015f\u00adga\u00adbat\u00adda ge\u00ad\u00e7i\u00adril\u00adjek Sam\u00admi\u00adti\u00adne ta\u00fd\u00ad\u00fdar\u00adlyk g\u00f6r\u00admek we ge\u00ad\u00e7ir\u00admek bi\u00adlen bag\u00adly me\u00adse\u00adle\u00adler ara al\u00adnyp mas\u00adla\u00adhat\u00adla\u00ad\u015fyl\u00addy.<br \/>\nMi\u00adnistr\u00adler bol\u00adjak du\u00ad\u015fu\u00ad\u015fy\u00adgy\u0148 me\u00ad\u00fdil\u00adna\u00adma\u00adsy\u00adny\u0148 tas\u00adla\u00adma\u00adsy\u00adny, g\u00fcn ter\u00adti\u00adbi\u00adni hem-de Sam\u00admi\u00adti\u0148 jem\u00adle\u00fd\u00adji res\u00admi\u00adna\u00adma\u00adsy\u00adny\u0148 tas\u00adla\u00adma\u00adsy\u00adny ara alyp mas\u00adla\u00adhat\u00adla\u015f\u00addy\u00adlar.<br \/>\n\u015eu nuk\u00adda\u00fd\u00adna\u00adzar\u00addan, mi\u00adnistr\u00adler se\u00adbit hyz\u00admat\u00adda\u015f\u00adly\u00adgy\u0148 ile\u00adri tu\u00adtul\u00ad\u00fdan ugur\u00adla\u00adry bo\u00ad\u00fdun\u00ad\u00e7a pi\u00adkir aly\u015f\u00addy\u00adlar.<\/p>\n","protected":false},"excerpt":{"rendered":"<p>26-njy i\u00fdul\u00adda wi\u00addeoa\u00adra\u00adgat\u00adna\u00ad\u015fyk g\u00f6r\u00adn\u00fc\u00ad\u015fin\u00adde T\u00fcrk\u00adme\u00adnis\u00adta\u00adny\u0148 da\u00ad\u015fa\u00adry i\u015f\u00adler mi\u00adnist\u00adri R.Me\u00adre\u00addo\u00adwy\u0148, T\u00e4\u00adji\u00adgis\u00adtan Res\u00adpub\u00adli\u00adka\u00adsy\u00adny\u0148 da\u00ad\u015fa\u00adry i\u015f\u00adler mi\u00adnist\u00adri S.Muh\u00adrid\u00addi\u00adni\u0148 we \u00d6z\u00adbe\u00adgis\u00adtan Res\u00adpub\u00adli\u00adka\u00adsy\u00adny\u0148 da\u00ad\u015fa\u00adry i\u015f\u00adler mi\u00adnist\u00adri B.Sai\u00addo\u00adwy\u0148 ara\u00adsyn\u00adda ge\u00ad\u0148e\u015f\u00adme\u00adler ge\u00ad\u00e7i\u00adril\u00addi. Du\u00ad\u015fu\u00ad\u015fy\u00adgy\u0148 do\u00adwa\u00admyn\u00adda T\u00fcrk\u00adme\u00adnis\u00adta\u00adny\u0148, T\u00e4\u00adji\u00adgis\u00adta\u00adny\u0148 we \u00d6z\u00adbe\u00adgis\u00adta\u00adny\u0148 Pre\u00adzi\u00addent\u00adle\u00adri\u00adni\u0148 \u015fu \u00fdy\u00adly\u0148 aw\u00adgust a\u00fdy\u00adny\u0148 ba\u00ad\u015fyn\u00adda A\u015f\u00adga\u00adbat\u00adda ge\u00ad\u00e7i\u00adril\u00adjek Sam\u00admi\u00adti\u00adne ta\u00fd\u00ad\u00fdar\u00adlyk g\u00f6r\u00admek we ge\u00ad\u00e7ir\u00admek bi\u00adlen bag\u00adly me\u00adse\u00adle\u00adler ara al\u00adnyp mas\u00adla\u00adhat\u00adla\u00ad\u015fyl\u00addy. Mi\u00adnistr\u00adler bol\u00adjak du\u00ad\u015fu\u00ad\u015fy\u00adgy\u0148 me\u00ad\u00fdil\u00adna\u00adma\u00adsy\u00adny\u0148 tas\u00adla\u00adma\u00adsy\u00adny, [&hellip;]<\/p>\n","protected":false},"author":2,"featured_media":83217,"comment_status":"open","ping_status":"closed","sticky":false,"template":"","format":"standard","meta":{"footnotes":""},"categories":[3],"tags":[],"acf":[],"_links":{"self":[{"href":"https:\/\/zamanturkmenistan.com.tm\/index.php?rest_route=\/wp\/v2\/posts\/83216"}],"collection":[{"href":"https:\/\/zamanturkmenistan.com.tm\/index.php?rest_route=\/wp\/v2\/posts"}],"about":[{"href":"https:\/\/zamanturkmenistan.com.tm\/index.php?rest_route=\/wp\/v2\/types\/post"}],"author":[{"embeddable":true,"href":"https:\/\/zamanturkmenistan.com.tm\/index.php?rest_route=\/wp\/v2\/users\/2"}],"replies":[{"embeddable":true,"href":"https:\/\/zamanturkmenistan.com.tm\/index.php?rest_route=%2Fwp%2Fv2%2Fcomments&post=83216"}],"version-history":[{"count":1,"href":"https:\/\/zamanturkmenistan.com.tm\/index.php?rest_route=\/wp\/v2\/posts\/83216\/revisions"}],"predecessor-version":[{"id":83218,"href":"https:\/\/zamanturkmenistan.com.tm\/index.php?rest_route=\/wp\/v2\/posts\/83216\/revisions\/83218"}],"wp:featuredmedia":[{"embeddable":true,"href":"https:\/\/zamanturkmenistan.com.tm\/index.php?rest_route=\/wp\/v2\/media\/83217"}],"wp:attachment":[{"href":"https:\/\/zamanturkmenistan.com.tm\/index.php?rest_route=%2Fwp%2Fv2%2Fmedia&parent=83216"}],"wp:term":[{"taxonomy":"category","embeddable":true,"href":"https:\/\/zamanturkmenistan.com.tm\/index.php?rest_route=%2Fwp%2Fv2%2Fcategories&post=83216"},{"taxonomy":"post_tag","embeddable":true,"href":"https:\/\/zamanturkmenistan.com.tm\/index.php?rest_route=%2Fwp%2Fv2%2Ftags&post=83216"}],"curies":[{"name":"wp","href":"https:\/\/api.w.org\/{rel}","templated":true}]}}