{"id":83224,"date":"2023-07-27T13:35:04","date_gmt":"2023-07-27T08:35:04","guid":{"rendered":"https:\/\/zamanturkmenistan.com.tm\/?p=83224"},"modified":"2023-07-27T13:35:04","modified_gmt":"2023-07-27T08:35:04","slug":"turkmenistanyn-adalatcysynyn-yolbascylygyndaky-wekiliyetin-gruziya-is-sapary-baslandy","status":"publish","type":"post","link":"https:\/\/zamanturkmenistan.com.tm\/?p=83224","title":{"rendered":"T\u00fcrkmenistany\u0148 Adalat\u00e7ysyny\u0148 \u00fdolba\u015f\u00e7ylygyndaky wekili\u00fdeti\u0148 Gruzi\u00fda i\u015f sapary ba\u015flandy"},"content":{"rendered":"<p>Bir\u00adle\u00ad\u015fen Mil\u00adlet\u00adler Gu\u00adra\u00adma\u00adsy\u00adny\u0148 \u00d6s\u00fc\u015f mak\u00adsat\u00adna\u00adma\u00adsy\u00adny\u0148 T\u00fcrk\u00adme\u00adnis\u00adtan\u00adda\u00adky we\u00adkil\u00adha\u00adna\u00adsy\u00adny\u0148 \u00fdar\u00addam ber\u00adme\u00adgin\u00adde T\u00fcrk\u00adme\u00adnis\u00adtan\u00adda Adam hu\u00adkuk\u00adla\u00adry bo\u00ad\u00fdun\u00ad\u00e7a yg\u00adty\u00ad\u00fdar\u00adly we\u00adkil \u2013 Ada\u00adlat\u00ad\u00e7y \u00dd.Gur\u00adban\u00adna\u00adza\u00adro\u00adwa\u00adny\u0148 \u00fdol\u00adba\u015f\u00ad\u00e7y\u00adly\u00adgyn\u00adda\u00adky t\u00fcrk\u00admen we\u00adki\u00adli\u00ad\u00fde\u00adti\u00adni\u0148 Gru\u00adzi\u00ad\u00fda i\u015f sa\u00adpa\u00adry ba\u015f\u00adlan\u00addy. Bu ba\u00adra\u00adda T\u00fcrk\u00adme\u00adnis\u00adta\u00adny\u0148 Ada\u00adlat\u00ad\u00e7y\u00adsy\u00adny\u0148 res\u00admi sa\u00fd\u00adtyn\u00adda ha\u00adbar be\u00adril\u00addi<br \/>\nI\u015f sa\u00adpa\u00adry\u0148 mak\u00adsa\u00addy Gru\u00adzi\u00ad\u00fda\u00adny\u0148 Halk go\u00adrag\u00ad\u00e7y eda\u00adra\u00adsy\u00adny\u0148 mer\u00adke\u00adzi eda\u00adra\u00adsy\u00adny\u0148, onu\u0148 b\u00f6\u00adl\u00fcm\u00adle\u00adri\u00adni\u0148 we se\u00adbit\u00adle\u00ad\u00fdin eda\u00adra\u00adla\u00adry\u00adny\u0148 i\u015fi bi\u00adlen ta\u00adny\u015f\u00admak\u00addan yba\u00adrat\u00addyr.<br \/>\nSa\u00adpa\u00adry\u0148 \u00e7\u00e4k\u00adle\u00adrin\u00adde 26-njy i\u00fdul\u00adda t\u00fcrk\u00admen we\u00adki\u00adli\u00ad\u00fde\u00adti\u00adni\u0148 Gru\u00adzi\u00ad\u00fda\u00adny\u0148 Halk go\u00adrag\u00ad\u00e7y\u00adsy, mil\u00adli \u00f6\u0148\u00fc\u00adni aly\u015f me\u00adha\u00adniz\u00admi\u0148 (MPM), gen\u00adder me\u00adse\u00adle\u00adsi bo\u00ad\u00fdun\u00ad\u00e7a b\u00f6\u00adl\u00fc\u00admi\u0148 hem-de ra\u00fd\u00adda\u015f\u00adlyk bo\u00ad\u00fdun\u00ad\u00e7a mer\u00adke\u00adzi\u0148 we\u00adkil\u00adle\u00adri bi\u00adlen du\u00ad\u015fu\u00ad\u015fyk\u00adla\u00adry g\u00f6z \u00f6\u0148\u00fcn\u00adde tu\u00adtu\u00adlan.<br \/>\nT\u00fcrk\u00adme\u00adnis\u00adta\u00adny\u0148 Ada\u00adlat\u00ad\u00e7y\u00adsy\u00adny\u0148 di\u00adwa\u00adny\u00adny\u0148 esa\u00adsy hal\u00adka\u00adra hyz\u00admat\u00adda\u00ad\u015fy bo\u00adlan BMG, onu\u0148 h\u00fc\u00adn\u00e4r m\u00fcm\u00adkin\u00ad\u00e7i\u00adlik\u00adle\u00adri\u00adni \u00fdo\u00adkar\u00adlan\u00addyr\u00adma\u00adga \u00fdar\u00addam ed\u00ad\u00fd\u00e4r. D\u00fcr\u00adli \u00fdurt\u00adla\u00adry\u0148 hu\u00adkuk go\u00adra\u00ad\u00fdy\u015f ins\u00adti\u00adtut\u00adla\u00adry\u00adny\u0148 i\u015fi bi\u00adlen ta\u00adny\u015f\u00admak 2023-nji \u00fdyl\u00adda gol \u00e7e\u00adki\u00adlen \u00abT\u00fcrk\u00adme\u00adnis\u00adta\u00adny\u0148 Ada\u00adlat\u00ad\u00e7y\u00adsy\u00adny\u0148 Di\u00adwa\u00adny\u00adny\u0148 ins\u00adti\u00adtu\u00adsio\u00adnal po\u00adten\u00adsia\u00adly\u00adny \u00fdo\u00adkar\u00adlan\u00addyr\u00adma\u00adga \u00fdar\u00addam ber\u00admek\u00bb at\u00adly bi\u00adle\u00adlik\u00add\u00e4\u00adki tas\u00adla\u00adma res\u00admi\u00adna\u00adma\u00adsy\u00adny\u0148 \u00e7\u00e4k\u00adle\u00adrin\u00adde gu\u00adral\u00ad\u00fdar.<\/p>\n","protected":false},"excerpt":{"rendered":"<p>Bir\u00adle\u00ad\u015fen Mil\u00adlet\u00adler Gu\u00adra\u00adma\u00adsy\u00adny\u0148 \u00d6s\u00fc\u015f mak\u00adsat\u00adna\u00adma\u00adsy\u00adny\u0148 T\u00fcrk\u00adme\u00adnis\u00adtan\u00adda\u00adky we\u00adkil\u00adha\u00adna\u00adsy\u00adny\u0148 \u00fdar\u00addam ber\u00adme\u00adgin\u00adde T\u00fcrk\u00adme\u00adnis\u00adtan\u00adda Adam hu\u00adkuk\u00adla\u00adry bo\u00ad\u00fdun\u00ad\u00e7a yg\u00adty\u00ad\u00fdar\u00adly we\u00adkil \u2013 Ada\u00adlat\u00ad\u00e7y \u00dd.Gur\u00adban\u00adna\u00adza\u00adro\u00adwa\u00adny\u0148 \u00fdol\u00adba\u015f\u00ad\u00e7y\u00adly\u00adgyn\u00adda\u00adky t\u00fcrk\u00admen we\u00adki\u00adli\u00ad\u00fde\u00adti\u00adni\u0148 Gru\u00adzi\u00ad\u00fda i\u015f sa\u00adpa\u00adry ba\u015f\u00adlan\u00addy. Bu ba\u00adra\u00adda T\u00fcrk\u00adme\u00adnis\u00adta\u00adny\u0148 Ada\u00adlat\u00ad\u00e7y\u00adsy\u00adny\u0148 res\u00admi sa\u00fd\u00adtyn\u00adda ha\u00adbar be\u00adril\u00addi I\u015f sa\u00adpa\u00adry\u0148 mak\u00adsa\u00addy Gru\u00adzi\u00ad\u00fda\u00adny\u0148 Halk go\u00adrag\u00ad\u00e7y eda\u00adra\u00adsy\u00adny\u0148 mer\u00adke\u00adzi eda\u00adra\u00adsy\u00adny\u0148, onu\u0148 b\u00f6\u00adl\u00fcm\u00adle\u00adri\u00adni\u0148 we se\u00adbit\u00adle\u00ad\u00fdin eda\u00adra\u00adla\u00adry\u00adny\u0148 i\u015fi bi\u00adlen ta\u00adny\u015f\u00admak\u00addan yba\u00adrat\u00addyr. Sa\u00adpa\u00adry\u0148 \u00e7\u00e4k\u00adle\u00adrin\u00adde 26-njy i\u00fdul\u00adda [&hellip;]<\/p>\n","protected":false},"author":2,"featured_media":83225,"comment_status":"open","ping_status":"closed","sticky":false,"template":"","format":"standard","meta":{"footnotes":""},"categories":[3],"tags":[],"acf":[],"_links":{"self":[{"href":"https:\/\/zamanturkmenistan.com.tm\/index.php?rest_route=\/wp\/v2\/posts\/83224"}],"collection":[{"href":"https:\/\/zamanturkmenistan.com.tm\/index.php?rest_route=\/wp\/v2\/posts"}],"about":[{"href":"https:\/\/zamanturkmenistan.com.tm\/index.php?rest_route=\/wp\/v2\/types\/post"}],"author":[{"embeddable":true,"href":"https:\/\/zamanturkmenistan.com.tm\/index.php?rest_route=\/wp\/v2\/users\/2"}],"replies":[{"embeddable":true,"href":"https:\/\/zamanturkmenistan.com.tm\/index.php?rest_route=%2Fwp%2Fv2%2Fcomments&post=83224"}],"version-history":[{"count":1,"href":"https:\/\/zamanturkmenistan.com.tm\/index.php?rest_route=\/wp\/v2\/posts\/83224\/revisions"}],"predecessor-version":[{"id":83226,"href":"https:\/\/zamanturkmenistan.com.tm\/index.php?rest_route=\/wp\/v2\/posts\/83224\/revisions\/83226"}],"wp:featuredmedia":[{"embeddable":true,"href":"https:\/\/zamanturkmenistan.com.tm\/index.php?rest_route=\/wp\/v2\/media\/83225"}],"wp:attachment":[{"href":"https:\/\/zamanturkmenistan.com.tm\/index.php?rest_route=%2Fwp%2Fv2%2Fmedia&parent=83224"}],"wp:term":[{"taxonomy":"category","embeddable":true,"href":"https:\/\/zamanturkmenistan.com.tm\/index.php?rest_route=%2Fwp%2Fv2%2Fcategories&post=83224"},{"taxonomy":"post_tag","embeddable":true,"href":"https:\/\/zamanturkmenistan.com.tm\/index.php?rest_route=%2Fwp%2Fv2%2Ftags&post=83224"}],"curies":[{"name":"wp","href":"https:\/\/api.w.org\/{rel}","templated":true}]}}