{"id":83616,"date":"2023-08-01T17:38:50","date_gmt":"2023-08-01T12:38:50","guid":{"rendered":"https:\/\/zamanturkmenistan.com.tm\/?p=83616"},"modified":"2023-08-01T17:38:50","modified_gmt":"2023-08-01T12:38:50","slug":"jastin-bu-gezek-dastini-yenmegi-basardy","status":"publish","type":"post","link":"https:\/\/zamanturkmenistan.com.tm\/?p=83616","title":{"rendered":"Jastin bu gezek Dastini \u00fde\u0148megi ba\u015fardy"},"content":{"rendered":"<p>Gary\u015fyk s\u00f6we\u015f sungaty bo\u00fdun\u00e7a \u201cUFC 291\u201d ge\u00e7irilen tutlu\u015fykda iki amerikaly ussat Jastin Ge\u00fdji bilen Dastin Por\u00fde du\u015fu\u015fdy. \u00dduta \u015ftatynda ge\u00e7irilen MMA ag\u015famyny\u0148 merkezi du\u015fu\u015fygynda Jastin Ge\u00fdji Dastin Por\u00fdeni 2-nji raundda nokaut bilen \u00fde\u0148li\u015fe sezewar etdi. Kell\u00e4 urgudan so\u0148 2-nji raundy\u0148 1-nji minutynda du\u015fu\u015fyk saklandy we Ge\u00fdji \u00fde\u0148iji di\u00fdlip yglan edildi. Bu onu\u0148 kar\u00fderasyndaky 29-njy du\u015fu\u015fygy bolup, ol \u015folarda 20-si nokaut 25 gezek \u00fde\u0148i\u015f gazandy. Ge\u00fdji 4 du\u015fu\u015fykda-da asgyn geldi. Onu\u0148 \u00fde\u0148li\u015flerini\u0148 biri 2018-nji \u00fdylda Por\u00fde bilen ge\u00e7iren tutlu\u015fygynda hasaba alnypdy. 34 \u00fda\u015fyndaky t\u00fcrgen bu gezek gar\u015fyda\u015fyny \u00fde\u0148megi\u0148 h\u00f6tdesinden geldi. Ge\u00fdji bilen \u00fda\u015fytda\u015f bolan Por\u00fde kar\u00fderasyndaky 38-nji du\u015fu\u015fygynda 8-nji gezek \u00fde\u0148li\u015fe sezewar boldy. Onu\u0148 14-si nokaut bilen, jemi 29 \u00fde\u0148\u015fi bar.<\/p>\n","protected":false},"excerpt":{"rendered":"<p>Gary\u015fyk s\u00f6we\u015f sungaty bo\u00fdun\u00e7a \u201cUFC 291\u201d ge\u00e7irilen tutlu\u015fykda iki amerikaly ussat Jastin Ge\u00fdji bilen Dastin Por\u00fde du\u015fu\u015fdy. \u00dduta \u015ftatynda ge\u00e7irilen MMA ag\u015famyny\u0148 merkezi du\u015fu\u015fygynda Jastin Ge\u00fdji Dastin Por\u00fdeni 2-nji raundda nokaut bilen \u00fde\u0148li\u015fe sezewar etdi. Kell\u00e4 urgudan so\u0148 2-nji raundy\u0148 1-nji minutynda du\u015fu\u015fyk saklandy we Ge\u00fdji \u00fde\u0148iji di\u00fdlip yglan edildi. Bu onu\u0148 kar\u00fderasyndaky 29-njy du\u015fu\u015fygy [&hellip;]<\/p>\n","protected":false},"author":2,"featured_media":83617,"comment_status":"open","ping_status":"closed","sticky":false,"template":"","format":"standard","meta":{"footnotes":""},"categories":[406,13],"tags":[1370,8224,8226],"acf":[],"_links":{"self":[{"href":"https:\/\/zamanturkmenistan.com.tm\/index.php?rest_route=\/wp\/v2\/posts\/83616"}],"collection":[{"href":"https:\/\/zamanturkmenistan.com.tm\/index.php?rest_route=\/wp\/v2\/posts"}],"about":[{"href":"https:\/\/zamanturkmenistan.com.tm\/index.php?rest_route=\/wp\/v2\/types\/post"}],"author":[{"embeddable":true,"href":"https:\/\/zamanturkmenistan.com.tm\/index.php?rest_route=\/wp\/v2\/users\/2"}],"replies":[{"embeddable":true,"href":"https:\/\/zamanturkmenistan.com.tm\/index.php?rest_route=%2Fwp%2Fv2%2Fcomments&post=83616"}],"version-history":[{"count":1,"href":"https:\/\/zamanturkmenistan.com.tm\/index.php?rest_route=\/wp\/v2\/posts\/83616\/revisions"}],"predecessor-version":[{"id":83618,"href":"https:\/\/zamanturkmenistan.com.tm\/index.php?rest_route=\/wp\/v2\/posts\/83616\/revisions\/83618"}],"wp:featuredmedia":[{"embeddable":true,"href":"https:\/\/zamanturkmenistan.com.tm\/index.php?rest_route=\/wp\/v2\/media\/83617"}],"wp:attachment":[{"href":"https:\/\/zamanturkmenistan.com.tm\/index.php?rest_route=%2Fwp%2Fv2%2Fmedia&parent=83616"}],"wp:term":[{"taxonomy":"category","embeddable":true,"href":"https:\/\/zamanturkmenistan.com.tm\/index.php?rest_route=%2Fwp%2Fv2%2Fcategories&post=83616"},{"taxonomy":"post_tag","embeddable":true,"href":"https:\/\/zamanturkmenistan.com.tm\/index.php?rest_route=%2Fwp%2Fv2%2Ftags&post=83616"}],"curies":[{"name":"wp","href":"https:\/\/api.w.org\/{rel}","templated":true}]}}