{"id":83653,"date":"2023-08-02T12:01:34","date_gmt":"2023-08-02T07:01:34","guid":{"rendered":"https:\/\/zamanturkmenistan.com.tm\/?p=83653"},"modified":"2023-08-02T12:01:34","modified_gmt":"2023-08-02T07:01:34","slug":"turkmenistanyn-oba-hojalyk-ministrliginin-merkezi-edarasynyn-gurlusy-we-su-ministrlik-hakynda-duzgunnama-tassyklanyldy","status":"publish","type":"post","link":"https:\/\/zamanturkmenistan.com.tm\/?p=83653","title":{"rendered":"T\u00fcrkmenistany\u0148 Oba hojalyk ministrligini\u0148 merkezi edarasyny\u0148 gurlu\u015fy we \u015fu ministrlik hakynda D\u00fczg\u00fcnnama tassyklanyldy"},"content":{"rendered":"<p>\u00abT\u00fcrk\u00adme\u00adnis\u00adta\u00adny\u0148 Oba ho\u00adja\u00adlyk mi\u00adnistr\u00adli\u00adgi\u00adni hem-de T\u00fcrk\u00adme\u00adnis\u00adta\u00adny\u0148 Da\u015f\u00adky gur\u00ad\u015fa\u00adwy go\u00adra\u00admak mi\u00adnistr\u00adli\u00adgi\u00adni d\u00f6\u00adret\u00admek ha\u00adkyn\u00adda\u00bb T\u00fcrk\u00adme\u00adnis\u00adta\u00adny\u0148 Pre\u00adzi\u00adden\u00adti\u00adni\u0148 2023-nji \u00fdy\u00adly\u0148 14-nji i\u00fdu\u00adlyn\u00adda \u00e7y\u00adka\u00adran 240-njy Per\u00adma\u00adny\u00adny \u00fde\u00adri\u00adne \u00fde\u00adtir\u00admek, \u015fe\u00fd\u00adle hem T\u00fcrk\u00adme\u00adnis\u00adta\u00adny\u0148 Oba ho\u00adja\u00adlyk mi\u00adnistr\u00adli\u00adgi\u00adni\u0148 i\u015fi\u00adni ta\u00adla\u00adba\u00adla\u00ad\u00fdyk \u00fdo\u00adla go\u00fd\u00admak mak\u00adsa\u00addy bi\u00adlen, T\u00fcrk\u00adme\u00adnis\u00adta\u00adny\u0148 Pre\u00adzi\u00adden\u00adti Ka\u00adra\u00adra gol \u00e7ek\u00addi. Res\u00admi\u00adna\u00adma la\u00ad\u00fdyk\u00adlyk\u00adda, T\u00fcrk\u00adme\u00adnis\u00adta\u00adny\u0148 Oba ho\u00adja\u00adlyk mi\u00adnistr\u00adli\u00adgi\u00adni\u0148 mer\u00adke\u00adzi eda\u00adra\u00adsy\u00adny\u0148 gur\u00adlu\u00ad\u015fy, \u015fe\u00fd\u00adle hem bu mi\u00adnistr\u00adlik ha\u00adkyn\u00adda\u00adky D\u00fcz\u00adg\u00fcn\u00adna\u00adma tas\u00adsyk\u00adla\u00adnyl\u00addy.<br \/>\nOba ho\u00adja\u00adlyk mi\u00adnistr\u00adli\u00adgi\u00adne Ada\u00adlat mi\u00adnistr\u00adli\u00adgi bi\u00adlen bi\u00adle\u00adlik\u00adde Ka\u00adrar\u00addan ge\u00adlip \u00e7yk\u00ad\u00fdan \u00fc\u00fdt\u00adget\u00adme\u00adle\u00adri we go\u015f\u00adma\u00ad\u00e7a\u00adla\u00adry T\u00fcrk\u00adme\u00adnis\u00adta\u00adny\u0148 ka\u00adnun\u00ad\u00e7y\u00adly\u00adgy\u00adna gi\u00adriz\u00admek ba\u00adra\u00adda\u00adky tek\u00adlip\u00adle\u00adri bir a\u00fd m\u00f6h\u00adlet\u00adde ta\u00fd\u00ad\u00fdar\u00adla\u00admak hem-de Mi\u00adnistr\u00adler Ka\u00adbi\u00adne\u00adti\u00adne ber\u00admek tab\u00ad\u015fy\u00adryl\u00addy.<\/p>\n","protected":false},"excerpt":{"rendered":"<p>\u00abT\u00fcrk\u00adme\u00adnis\u00adta\u00adny\u0148 Oba ho\u00adja\u00adlyk mi\u00adnistr\u00adli\u00adgi\u00adni hem-de T\u00fcrk\u00adme\u00adnis\u00adta\u00adny\u0148 Da\u015f\u00adky gur\u00ad\u015fa\u00adwy go\u00adra\u00admak mi\u00adnistr\u00adli\u00adgi\u00adni d\u00f6\u00adret\u00admek ha\u00adkyn\u00adda\u00bb T\u00fcrk\u00adme\u00adnis\u00adta\u00adny\u0148 Pre\u00adzi\u00adden\u00adti\u00adni\u0148 2023-nji \u00fdy\u00adly\u0148 14-nji i\u00fdu\u00adlyn\u00adda \u00e7y\u00adka\u00adran 240-njy Per\u00adma\u00adny\u00adny \u00fde\u00adri\u00adne \u00fde\u00adtir\u00admek, \u015fe\u00fd\u00adle hem T\u00fcrk\u00adme\u00adnis\u00adta\u00adny\u0148 Oba ho\u00adja\u00adlyk mi\u00adnistr\u00adli\u00adgi\u00adni\u0148 i\u015fi\u00adni ta\u00adla\u00adba\u00adla\u00ad\u00fdyk \u00fdo\u00adla go\u00fd\u00admak mak\u00adsa\u00addy bi\u00adlen, T\u00fcrk\u00adme\u00adnis\u00adta\u00adny\u0148 Pre\u00adzi\u00adden\u00adti Ka\u00adra\u00adra gol \u00e7ek\u00addi. Res\u00admi\u00adna\u00adma la\u00ad\u00fdyk\u00adlyk\u00adda, T\u00fcrk\u00adme\u00adnis\u00adta\u00adny\u0148 Oba ho\u00adja\u00adlyk mi\u00adnistr\u00adli\u00adgi\u00adni\u0148 mer\u00adke\u00adzi eda\u00adra\u00adsy\u00adny\u0148 gur\u00adlu\u00ad\u015fy, \u015fe\u00fd\u00adle hem bu mi\u00adnistr\u00adlik ha\u00adkyn\u00adda\u00adky D\u00fcz\u00adg\u00fcn\u00adna\u00adma [&hellip;]<\/p>\n","protected":false},"author":2,"featured_media":64511,"comment_status":"open","ping_status":"closed","sticky":false,"template":"","format":"standard","meta":{"footnotes":""},"categories":[3],"tags":[],"acf":[],"_links":{"self":[{"href":"https:\/\/zamanturkmenistan.com.tm\/index.php?rest_route=\/wp\/v2\/posts\/83653"}],"collection":[{"href":"https:\/\/zamanturkmenistan.com.tm\/index.php?rest_route=\/wp\/v2\/posts"}],"about":[{"href":"https:\/\/zamanturkmenistan.com.tm\/index.php?rest_route=\/wp\/v2\/types\/post"}],"author":[{"embeddable":true,"href":"https:\/\/zamanturkmenistan.com.tm\/index.php?rest_route=\/wp\/v2\/users\/2"}],"replies":[{"embeddable":true,"href":"https:\/\/zamanturkmenistan.com.tm\/index.php?rest_route=%2Fwp%2Fv2%2Fcomments&post=83653"}],"version-history":[{"count":1,"href":"https:\/\/zamanturkmenistan.com.tm\/index.php?rest_route=\/wp\/v2\/posts\/83653\/revisions"}],"predecessor-version":[{"id":83654,"href":"https:\/\/zamanturkmenistan.com.tm\/index.php?rest_route=\/wp\/v2\/posts\/83653\/revisions\/83654"}],"wp:featuredmedia":[{"embeddable":true,"href":"https:\/\/zamanturkmenistan.com.tm\/index.php?rest_route=\/wp\/v2\/media\/64511"}],"wp:attachment":[{"href":"https:\/\/zamanturkmenistan.com.tm\/index.php?rest_route=%2Fwp%2Fv2%2Fmedia&parent=83653"}],"wp:term":[{"taxonomy":"category","embeddable":true,"href":"https:\/\/zamanturkmenistan.com.tm\/index.php?rest_route=%2Fwp%2Fv2%2Fcategories&post=83653"},{"taxonomy":"post_tag","embeddable":true,"href":"https:\/\/zamanturkmenistan.com.tm\/index.php?rest_route=%2Fwp%2Fv2%2Ftags&post=83653"}],"curies":[{"name":"wp","href":"https:\/\/api.w.org\/{rel}","templated":true}]}}