{"id":83769,"date":"2023-08-04T10:40:32","date_gmt":"2023-08-04T05:40:32","guid":{"rendered":"https:\/\/zamanturkmenistan.com.tm\/?p=83769"},"modified":"2023-08-04T10:40:32","modified_gmt":"2023-08-04T05:40:32","slug":"gahryman-arkadagymyz-tajigistanyn-prezidenti-bilen-dususdy","status":"publish","type":"post","link":"https:\/\/zamanturkmenistan.com.tm\/?p=83769","title":{"rendered":"Gahryman Arkadagymyz T\u00e4jigistany\u0148 Prezidenti bilen du\u015fu\u015fdy"},"content":{"rendered":"<p>A\u015f\u00adga\u00adba\u00addy\u0148 Hal\u00adka\u00adra ho\u00adwa men\u00adzi\u00adlin\u00adde t\u00fcrk\u00admen hal\u00adky\u00adny\u0148 Mil\u00adli Li\u00adde\u00adri, Halk Mas\u00adla\u00adha\u00adty\u00adny\u0148 Ba\u015f\u00adly\u00adgy Gurbanguly Berdimuhamedow \u00fdur\u00addu\u00admy\u00adza \u00fc\u00e7\u00adta\u00adrap\u00adla\u00ad\u00fdyn sam\u00admi\u00adte gat\u00adna\u015f\u00admak \u00fc\u00e7in ge\u00adlen T\u00e4\u00adji\u00adgis\u00adtan Res\u00adpub\u00adli\u00adka\u00adsy\u00adny\u0148 Pre\u00adzi\u00adden\u00adti Emo\u00adma\u00adli Rah\u00admon bi\u00adlen du\u00ad\u015fu\u015f\u00addy.<br \/>\nGah\u00adry\u00adman Ar\u00adka\u00adda\u00adgy\u00admyz be\u00adlent mer\u00adte\u00adbe\u00adli myh\u00adma\u00adny m\u00e4\u00adhir\u00adli gar\u00ad\u015fy\u00adlap, hor\u00admat\u00adly Pre\u00adzi\u00adden\u00adti\u00admiz Ser\u00addar Berdimuhamedowy\u0148 do\u00adgan\u00adlyk T\u00fcrk\u00adme\u00adnis\u00adta\u00adna gel\u00admek ha\u00adkyn\u00adda\u00adky \u00e7a\u00adky\u00adly\u00adgy\u00adny ka\u00adbul eden\u00addi\u00adgi \u00fc\u00e7in min\u00adnet\u00addar\u00adlyk bil\u00addir\u00addi. Halk Mas\u00adla\u00adha\u00adty\u00adny\u0148 Ba\u015f\u00adly\u00adgy ge\u00ad\u00e7i\u00adril\u00adjek gep\u00adle\u00ad\u015fik\u00adle\u00adri\u0148 \u00fdo\u00adka\u00adry de\u00adre\u00adj\u00e4 e\u00fde bol\u00adjak\u00addy\u00adgy\u00adny we sy\u00ad\u00fda\u00adsy, s\u00f6w\u00adda-yk\u00addy\u00adsa\u00addy, me\u00adde\u00adni-yn\u00adsan\u00adper\u00adwer we be\u00fd\u00adle\u00adki ugur\u00adlar\u00adda \u00fc\u00e7\u00adta\u00adrap\u00adla\u00ad\u00fdyn \u2013 T\u00fcrk\u00adme\u00adnis\u00adta\u00adny\u0148, T\u00e4\u00adji\u00adgis\u00adta\u00adny\u0148 we \u00d6z\u00adbe\u00adgis\u00adta\u00adny\u0148 ara\u00adsyn\u00adda\u00adky hyz\u00admat\u00adda\u015f\u00adly\u00adgy \u00f6s\u00add\u00fcr\u00admek\u00adde pi\u00adkir aly\u015f\u00adma\u00adlar \u00fc\u00e7in go\u00adwy m\u00fcm\u00adkin\u00ad\u00e7i\u00adli\u00adgi\u0148 d\u00f6\u00adre\u00adjek\u00addi\u00adgi\u00adne ynam bil\u00addir\u00addi.<br \/>\nDu\u00ad\u015fu\u00ad\u015fy\u00adgy\u0148 do\u00adwa\u00admyn\u00adda t\u00fcrk\u00admen-t\u00e4\u00adjik gat\u00adna\u00ad\u015fyk\u00adla\u00adry\u00adny\u0148 h\u00e4\u00adzir\u00adki \u00fda\u00adga\u00adda\u00ad\u00fdy we ony mun\u00addan be\u00fd\u00adl\u00e4k hem gi\u00ad\u0148elt\u00adme\u00adgi\u0148 m\u00fcm\u00adkin\u00ad\u00e7i\u00adlik\u00adle\u00adri ara al\u00adnyp mas\u00adla\u00adhat\u00adla\u00ad\u015fyl\u00addy.<\/p>\n","protected":false},"excerpt":{"rendered":"<p>A\u015f\u00adga\u00adba\u00addy\u0148 Hal\u00adka\u00adra ho\u00adwa men\u00adzi\u00adlin\u00adde t\u00fcrk\u00admen hal\u00adky\u00adny\u0148 Mil\u00adli Li\u00adde\u00adri, Halk Mas\u00adla\u00adha\u00adty\u00adny\u0148 Ba\u015f\u00adly\u00adgy Gurbanguly Berdimuhamedow \u00fdur\u00addu\u00admy\u00adza \u00fc\u00e7\u00adta\u00adrap\u00adla\u00ad\u00fdyn sam\u00admi\u00adte gat\u00adna\u015f\u00admak \u00fc\u00e7in ge\u00adlen T\u00e4\u00adji\u00adgis\u00adtan Res\u00adpub\u00adli\u00adka\u00adsy\u00adny\u0148 Pre\u00adzi\u00adden\u00adti Emo\u00adma\u00adli Rah\u00admon bi\u00adlen du\u00ad\u015fu\u015f\u00addy. Gah\u00adry\u00adman Ar\u00adka\u00adda\u00adgy\u00admyz be\u00adlent mer\u00adte\u00adbe\u00adli myh\u00adma\u00adny m\u00e4\u00adhir\u00adli gar\u00ad\u015fy\u00adlap, hor\u00admat\u00adly Pre\u00adzi\u00adden\u00adti\u00admiz Ser\u00addar Berdimuhamedowy\u0148 do\u00adgan\u00adlyk T\u00fcrk\u00adme\u00adnis\u00adta\u00adna gel\u00admek ha\u00adkyn\u00adda\u00adky \u00e7a\u00adky\u00adly\u00adgy\u00adny ka\u00adbul eden\u00addi\u00adgi \u00fc\u00e7in min\u00adnet\u00addar\u00adlyk bil\u00addir\u00addi. Halk Mas\u00adla\u00adha\u00adty\u00adny\u0148 Ba\u015f\u00adly\u00adgy ge\u00ad\u00e7i\u00adril\u00adjek gep\u00adle\u00ad\u015fik\u00adle\u00adri\u0148 \u00fdo\u00adka\u00adry de\u00adre\u00adj\u00e4 e\u00fde [&hellip;]<\/p>\n","protected":false},"author":2,"featured_media":83770,"comment_status":"open","ping_status":"closed","sticky":false,"template":"","format":"standard","meta":{"footnotes":""},"categories":[3],"tags":[],"acf":[],"_links":{"self":[{"href":"https:\/\/zamanturkmenistan.com.tm\/index.php?rest_route=\/wp\/v2\/posts\/83769"}],"collection":[{"href":"https:\/\/zamanturkmenistan.com.tm\/index.php?rest_route=\/wp\/v2\/posts"}],"about":[{"href":"https:\/\/zamanturkmenistan.com.tm\/index.php?rest_route=\/wp\/v2\/types\/post"}],"author":[{"embeddable":true,"href":"https:\/\/zamanturkmenistan.com.tm\/index.php?rest_route=\/wp\/v2\/users\/2"}],"replies":[{"embeddable":true,"href":"https:\/\/zamanturkmenistan.com.tm\/index.php?rest_route=%2Fwp%2Fv2%2Fcomments&post=83769"}],"version-history":[{"count":1,"href":"https:\/\/zamanturkmenistan.com.tm\/index.php?rest_route=\/wp\/v2\/posts\/83769\/revisions"}],"predecessor-version":[{"id":83771,"href":"https:\/\/zamanturkmenistan.com.tm\/index.php?rest_route=\/wp\/v2\/posts\/83769\/revisions\/83771"}],"wp:featuredmedia":[{"embeddable":true,"href":"https:\/\/zamanturkmenistan.com.tm\/index.php?rest_route=\/wp\/v2\/media\/83770"}],"wp:attachment":[{"href":"https:\/\/zamanturkmenistan.com.tm\/index.php?rest_route=%2Fwp%2Fv2%2Fmedia&parent=83769"}],"wp:term":[{"taxonomy":"category","embeddable":true,"href":"https:\/\/zamanturkmenistan.com.tm\/index.php?rest_route=%2Fwp%2Fv2%2Fcategories&post=83769"},{"taxonomy":"post_tag","embeddable":true,"href":"https:\/\/zamanturkmenistan.com.tm\/index.php?rest_route=%2Fwp%2Fv2%2Ftags&post=83769"}],"curies":[{"name":"wp","href":"https:\/\/api.w.org\/{rel}","templated":true}]}}