{"id":83805,"date":"2023-08-04T10:50:07","date_gmt":"2023-08-04T05:50:07","guid":{"rendered":"https:\/\/zamanturkmenistan.com.tm\/?p=83805"},"modified":"2023-08-04T11:59:56","modified_gmt":"2023-08-04T06:59:56","slug":"tajigistan-respublikasynyn-prezidenti-emomali-rahmon-asgabada-geldi","status":"publish","type":"post","link":"https:\/\/zamanturkmenistan.com.tm\/?p=83805","title":{"rendered":"T\u00e4jigistan Respublikasyny\u0148 Prezidenti Emomali Rahmon A\u015fgabada geldi"},"content":{"rendered":"<p>T\u00e4\u00adji\u00adgis\u00adtan Res\u00adpub\u00adli\u00adka\u00adsy\u00adny\u0148 Pre\u00adzi\u00adden\u00adti Emo\u00adma\u00adli Rah\u00admon \u201cT\u00fcrk\u00adme\u00adnis\u00adtan-T\u00e4\u00adji\u00adgis\u00adtan-\u00d6z\u00adbe\u00adgis\u00adtan\u201d g\u00f6r\u00adn\u00fc\u00ad\u015fin\u00add\u00e4\u00adki il\u00adkin\u00adji \u00fc\u00e7\u00adta\u00adrap\u00adla\u00ad\u00fdyn sam\u00admi\u00adte gat\u00adna\u015f\u00admak \u00fc\u00e7in A\u015f\u00adga\u00adba\u00adda gel\u00addi.<br \/>\n\u00dde\u00adri ge\u00adlen\u00adde a\u00fdt\u00adsak, \u015fu \u00fdyl\u00adda T\u00fcrk\u00adme\u00adnis\u00adtan bi\u00adlen T\u00e4\u00adji\u00adgis\u00adtan Res\u00adpub\u00adli\u00adka\u00adsy\u00adny\u0148 ara\u00adsyn\u00adda dip\u00adlo\u00adma\u00adtik gat\u00adna\u00ad\u015fyk\u00adla\u00adry\u0148 \u00fdo\u00adla go\u00ad\u00fdul\u00adma\u00adgy\u00adna 30 \u00fdyl dol\u00addy. Ge\u00ad\u00e7en d\u00f6w\u00adr\u00fc\u0148 do\u00adwa\u00admyn\u00adda \u00fdurt\u00adlar sy\u00ad\u00fda\u00adsy-dip\u00adlo\u00adma\u00adtik, s\u00f6w\u00adda-yk\u00addy\u00adsa\u00addy, me\u00adde\u00adni-yn\u00adsan\u00adper\u00adwer we be\u00fd\u00adle\u00adki ul\u00adgam\u00adlar\u00adda hyz\u00admat\u00adda\u015f\u00adly\u00adgy yzy\u00adgi\u00adder\u00adli ber\u00adki\u00addip gel\u00ad\u00fd\u00e4r. T\u00fcrk\u00adme\u00adnis\u00adtan bi\u00adlen T\u00e4\u00adji\u00adgis\u00adtan hal\u00adka\u00adra g\u00fcn-ter\u00adti\u00adbi\u00adni\u0148 me\u00adse\u00adle\u00adle\u00adrin\u00adde hem bi\u00adrek-bi\u00adre\u00adge gol\u00addaw ber\u00ad\u00fd\u00e4r.<br \/>\n\u00ddat\u00adlap ge\u00e7\u00adsek, \u015fu \u00fdy\u00adly\u0148 ma\u00fd a\u00fdyn\u00adda T\u00fcrk\u00adme\u00adnis\u00adta\u00adny\u0148 hor\u00admat\u00adly Pre\u00adzi\u00adden\u00adti Ser\u00addar Berdimuhamedow T\u00e4\u00adji\u00adgis\u00adtan Res\u00adpub\u00adli\u00adka\u00adsyn\u00adda d\u00f6w\u00adlet sa\u00adpa\u00adryn\u00adda bol\u00addy. Sa\u00adpa\u00adry\u0148 \u00e7\u00e4k\u00adle\u00adrin\u00adde, iki\u00ad\u00e7\u00e4k g\u00f6r\u00adn\u00fc\u015f\u00adde \u00fdo\u00adka\u00adry de\u00adre\u00adje\u00add\u00e4\u00adki t\u00fcrk\u00admen-t\u00e4\u00adjik gep\u00adle\u00ad\u015fik\u00adle\u00adri ge\u00ad\u00e7i\u00adril\u00addi. Mag\u00adtym\u00adgu\u00adly adyn\u00adda\u00adky umu\u00admy\u00adbi\u00adlim ber\u00ad\u00fd\u00e4n or\u00adta mek\u00adde\u00adbi\u0148 bi\u00adna\u00adsy\u00adny\u0148 d\u00fc\u00fd\u00adb\u00fc\u00adni tut\u00admak da\u00adba\u00adra\u00adsy bol\u00addy. \u015ee\u00fd\u00adle hem iki\u00adta\u00adrap\u00adla\u00ad\u00fdyn d\u00fcr\u00adli yla\u00adla\u00ad\u015fyk\u00adla\u00adry\u0148 we \u00e4ht\u00adna\u00adma\u00adla\u00adry\u0148 24-si\u00adne gol \u00e7e\u00adkil\u00addi.<br \/>\n\u015eu g\u00fcn\u00adki ge\u00ad\u00e7i\u00adril\u00adjek A\u015f\u00adga\u00adbat sam\u00admi\u00adti \u00fc\u00e7 \u00fdur\u00addu\u0148 ara\u00adsyn\u00adda\u00adky d\u00e4p bo\u00adlan hyz\u00admat\u00adda\u015f\u00adly\u00adga hil ta\u00fd\u00addan t\u00e4\u00adze ite\u00adrer.<\/p>\n","protected":false},"excerpt":{"rendered":"<p>T\u00e4\u00adji\u00adgis\u00adtan Res\u00adpub\u00adli\u00adka\u00adsy\u00adny\u0148 Pre\u00adzi\u00adden\u00adti Emo\u00adma\u00adli Rah\u00admon \u201cT\u00fcrk\u00adme\u00adnis\u00adtan-T\u00e4\u00adji\u00adgis\u00adtan-\u00d6z\u00adbe\u00adgis\u00adtan\u201d g\u00f6r\u00adn\u00fc\u00ad\u015fin\u00add\u00e4\u00adki il\u00adkin\u00adji \u00fc\u00e7\u00adta\u00adrap\u00adla\u00ad\u00fdyn sam\u00admi\u00adte gat\u00adna\u015f\u00admak \u00fc\u00e7in A\u015f\u00adga\u00adba\u00adda gel\u00addi. \u00dde\u00adri ge\u00adlen\u00adde a\u00fdt\u00adsak, \u015fu \u00fdyl\u00adda T\u00fcrk\u00adme\u00adnis\u00adtan bi\u00adlen T\u00e4\u00adji\u00adgis\u00adtan Res\u00adpub\u00adli\u00adka\u00adsy\u00adny\u0148 ara\u00adsyn\u00adda dip\u00adlo\u00adma\u00adtik gat\u00adna\u00ad\u015fyk\u00adla\u00adry\u0148 \u00fdo\u00adla go\u00ad\u00fdul\u00adma\u00adgy\u00adna 30 \u00fdyl dol\u00addy. Ge\u00ad\u00e7en d\u00f6w\u00adr\u00fc\u0148 do\u00adwa\u00admyn\u00adda \u00fdurt\u00adlar sy\u00ad\u00fda\u00adsy-dip\u00adlo\u00adma\u00adtik, s\u00f6w\u00adda-yk\u00addy\u00adsa\u00addy, me\u00adde\u00adni-yn\u00adsan\u00adper\u00adwer we be\u00fd\u00adle\u00adki ul\u00adgam\u00adlar\u00adda hyz\u00admat\u00adda\u015f\u00adly\u00adgy yzy\u00adgi\u00adder\u00adli ber\u00adki\u00addip gel\u00ad\u00fd\u00e4r. T\u00fcrk\u00adme\u00adnis\u00adtan bi\u00adlen T\u00e4\u00adji\u00adgis\u00adtan hal\u00adka\u00adra g\u00fcn-ter\u00adti\u00adbi\u00adni\u0148 me\u00adse\u00adle\u00adle\u00adrin\u00adde hem bi\u00adrek-bi\u00adre\u00adge gol\u00addaw ber\u00ad\u00fd\u00e4r. [&hellip;]<\/p>\n","protected":false},"author":2,"featured_media":83808,"comment_status":"open","ping_status":"closed","sticky":false,"template":"","format":"standard","meta":{"footnotes":""},"categories":[3],"tags":[],"acf":[],"_links":{"self":[{"href":"https:\/\/zamanturkmenistan.com.tm\/index.php?rest_route=\/wp\/v2\/posts\/83805"}],"collection":[{"href":"https:\/\/zamanturkmenistan.com.tm\/index.php?rest_route=\/wp\/v2\/posts"}],"about":[{"href":"https:\/\/zamanturkmenistan.com.tm\/index.php?rest_route=\/wp\/v2\/types\/post"}],"author":[{"embeddable":true,"href":"https:\/\/zamanturkmenistan.com.tm\/index.php?rest_route=\/wp\/v2\/users\/2"}],"replies":[{"embeddable":true,"href":"https:\/\/zamanturkmenistan.com.tm\/index.php?rest_route=%2Fwp%2Fv2%2Fcomments&post=83805"}],"version-history":[{"count":1,"href":"https:\/\/zamanturkmenistan.com.tm\/index.php?rest_route=\/wp\/v2\/posts\/83805\/revisions"}],"predecessor-version":[{"id":83809,"href":"https:\/\/zamanturkmenistan.com.tm\/index.php?rest_route=\/wp\/v2\/posts\/83805\/revisions\/83809"}],"wp:featuredmedia":[{"embeddable":true,"href":"https:\/\/zamanturkmenistan.com.tm\/index.php?rest_route=\/wp\/v2\/media\/83808"}],"wp:attachment":[{"href":"https:\/\/zamanturkmenistan.com.tm\/index.php?rest_route=%2Fwp%2Fv2%2Fmedia&parent=83805"}],"wp:term":[{"taxonomy":"category","embeddable":true,"href":"https:\/\/zamanturkmenistan.com.tm\/index.php?rest_route=%2Fwp%2Fv2%2Fcategories&post=83805"},{"taxonomy":"post_tag","embeddable":true,"href":"https:\/\/zamanturkmenistan.com.tm\/index.php?rest_route=%2Fwp%2Fv2%2Ftags&post=83805"}],"curies":[{"name":"wp","href":"https:\/\/api.w.org\/{rel}","templated":true}]}}