{"id":83819,"date":"2023-08-04T17:20:08","date_gmt":"2023-08-04T12:20:08","guid":{"rendered":"https:\/\/zamanturkmenistan.com.tm\/?p=83819"},"modified":"2023-08-04T17:20:08","modified_gmt":"2023-08-04T12:20:08","slug":"asgabat-sammitinin-netijeleri-boyunca-bilelikdaki-beyannama-kabul-edildi","status":"publish","type":"post","link":"https:\/\/zamanturkmenistan.com.tm\/?p=83819","title":{"rendered":"A\u015fgabat sammitini\u0148 netijeleri bo\u00fdun\u00e7a Bilelikd\u00e4ki Be\u00fdannama kabul edildi"},"content":{"rendered":"<p>\u015eu g\u00fcn pa\u00fd\u00adtag\u00adty\u00admyz\u00adda bi\u00adrin\u00adji \u00fc\u00e7\u00adta\u00adrap\u00adla\u00ad\u00fdyn T\u00fcrk\u00adme\u00adnis\u00adta\u00adny\u0148, T\u00e4\u00adji\u00adgis\u00adtan Res\u00adpub\u00adli\u00adka\u00adsy\u00adny\u0148 we \u00d6z\u00adbe\u00adgis\u00adtan Res\u00adpub\u00adli\u00adka\u00adsy\u00adny\u0148 d\u00f6w\u00adlet Ba\u015f\u00adtu\u00adtan\u00adla\u00adry\u00adny\u0148 sam\u00admi\u00adti ge\u00ad\u00e7i\u00adril\u00addi. \u015ee\u00fd\u00adle g\u00f6r\u00adn\u00fc\u015f\u00add\u00e4\u00adki \u00fdo\u00adka\u00adry de\u00adre\u00adje\u00adli il\u00adkin\u00adji du\u00ad\u015fu\u00ad\u015fy\u00adgy\u0148 ne\u00adti\u00adje\u00adle\u00adri bo\u00ad\u00fdun\u00ad\u00e7a Bi\u00adle\u00adlik\u00add\u00e4\u00adki Be\u00ad\u00fdan\u00adna\u00adma ka\u00adbul edil\u00addi.<br \/>\nBu res\u00admi\u00adna\u00adma\u00adda hor\u00admat\u00adly Pre\u00adzi\u00adden\u00adti\u00admiz Ser\u00addar Berdimuhamedowy\u0148, T\u00e4\u00adji\u00adgis\u00adta\u00adny\u0148 Pre\u00adzi\u00adden\u00adti Emo\u00adma\u00adli Rah\u00admo\u00adny\u0148 we \u00d6z\u00adbe\u00adgis\u00adta\u00adny\u0148 Pre\u00adzi\u00adden\u00adti \u015eaw\u00adkat Mir\u00adzi\u00ad\u00fdo\u00ad\u00fde\u00adwi\u0148 ara\u00adsyn\u00adda ge\u00ad\u00e7i\u00adri\u00adlen gep\u00adle\u00ad\u015fik\u00adle\u00adri\u0148 do\u00adwa\u00admyn\u00adda se\u00adbit hyz\u00admat\u00adda\u015f\u00adly\u00adgy\u00adny\u0148 m\u00f6\u00adh\u00fcm me\u00adse\u00adle\u00adle\u00adri \u00f6z be\u00ad\u00fda\u00adny\u00adny tap\u00addy.<br \/>\nSam\u00admi\u00adti\u0148 jem\u00adle\u00adri bo\u00ad\u00fdun\u00ad\u00e7a d\u00f6w\u00adlet Ba\u015f\u00adtu\u00adtan\u00adla\u00adry sy\u00ad\u00fda\u00adsy, s\u00f6w\u00adda-yk\u00addy\u00adsa\u00addy we me\u00adde\u00adni-yn\u00adsan\u00adper\u00adwer ugur\u00adlar\u00adda mun\u00addan be\u00fd\u00adl\u00e4k-de hyz\u00admat\u00adda\u015f\u00adly\u00adgy \u00f6s\u00add\u00fcr\u00admek ba\u00adra\u00adda\u00adky ga\u00adra\u00ad\u00fdy\u015f\u00adla\u00adry\u00adny be\u00ad\u00fdan et\u00addi\u00adler. \u015ee\u00fd\u00adle-de T\u00fcrk\u00adme\u00adnis\u00adtan, T\u00e4\u00adji\u00adgis\u00adtan we \u00d6z\u00adbe\u00adgis\u00adtan hal\u00adka\u00adra gu\u00adra\u00adma\u00adla\u00adry\u00adny\u0148 \u00e7\u00e4k\u00adle\u00adrin\u00adde, a\u00fd\u00adra\u00adtyn-da Bir\u00adle\u00ad\u015fen Mil\u00adlet\u00adler Gu\u00adra\u00adma\u00adsyn\u00adda hem-de hal\u00adka\u00adra we se\u00adbit me\u00fd\u00addan\u00ad\u00e7a\u00adla\u00adryn\u00adda hyz\u00admat\u00adda\u015f\u00adly\u00adgy pug\u00adta\u00adlan\u00addyr\u00adma\u00adga ta\u00fd\u00ad\u00fdar\u00addyk\u00adla\u00adry\u00adny a\u00fd\u00adra\u00adtyn bel\u00adle\u00addi\u00adler.<\/p>\n","protected":false},"excerpt":{"rendered":"<p>\u015eu g\u00fcn pa\u00fd\u00adtag\u00adty\u00admyz\u00adda bi\u00adrin\u00adji \u00fc\u00e7\u00adta\u00adrap\u00adla\u00ad\u00fdyn T\u00fcrk\u00adme\u00adnis\u00adta\u00adny\u0148, T\u00e4\u00adji\u00adgis\u00adtan Res\u00adpub\u00adli\u00adka\u00adsy\u00adny\u0148 we \u00d6z\u00adbe\u00adgis\u00adtan Res\u00adpub\u00adli\u00adka\u00adsy\u00adny\u0148 d\u00f6w\u00adlet Ba\u015f\u00adtu\u00adtan\u00adla\u00adry\u00adny\u0148 sam\u00admi\u00adti ge\u00ad\u00e7i\u00adril\u00addi. \u015ee\u00fd\u00adle g\u00f6r\u00adn\u00fc\u015f\u00add\u00e4\u00adki \u00fdo\u00adka\u00adry de\u00adre\u00adje\u00adli il\u00adkin\u00adji du\u00ad\u015fu\u00ad\u015fy\u00adgy\u0148 ne\u00adti\u00adje\u00adle\u00adri bo\u00ad\u00fdun\u00ad\u00e7a Bi\u00adle\u00adlik\u00add\u00e4\u00adki Be\u00ad\u00fdan\u00adna\u00adma ka\u00adbul edil\u00addi. Bu res\u00admi\u00adna\u00adma\u00adda hor\u00admat\u00adly Pre\u00adzi\u00adden\u00adti\u00admiz Ser\u00addar Berdimuhamedowy\u0148, T\u00e4\u00adji\u00adgis\u00adta\u00adny\u0148 Pre\u00adzi\u00adden\u00adti Emo\u00adma\u00adli Rah\u00admo\u00adny\u0148 we \u00d6z\u00adbe\u00adgis\u00adta\u00adny\u0148 Pre\u00adzi\u00adden\u00adti \u015eaw\u00adkat Mir\u00adzi\u00ad\u00fdo\u00ad\u00fde\u00adwi\u0148 ara\u00adsyn\u00adda ge\u00ad\u00e7i\u00adri\u00adlen gep\u00adle\u00ad\u015fik\u00adle\u00adri\u0148 do\u00adwa\u00admyn\u00adda se\u00adbit hyz\u00admat\u00adda\u015f\u00adly\u00adgy\u00adny\u0148 m\u00f6\u00adh\u00fcm me\u00adse\u00adle\u00adle\u00adri \u00f6z be\u00ad\u00fda\u00adny\u00adny tap\u00addy. Sam\u00admi\u00adti\u0148 jem\u00adle\u00adri [&hellip;]<\/p>\n","protected":false},"author":2,"featured_media":83820,"comment_status":"open","ping_status":"closed","sticky":false,"template":"","format":"standard","meta":{"footnotes":""},"categories":[3],"tags":[],"acf":[],"_links":{"self":[{"href":"https:\/\/zamanturkmenistan.com.tm\/index.php?rest_route=\/wp\/v2\/posts\/83819"}],"collection":[{"href":"https:\/\/zamanturkmenistan.com.tm\/index.php?rest_route=\/wp\/v2\/posts"}],"about":[{"href":"https:\/\/zamanturkmenistan.com.tm\/index.php?rest_route=\/wp\/v2\/types\/post"}],"author":[{"embeddable":true,"href":"https:\/\/zamanturkmenistan.com.tm\/index.php?rest_route=\/wp\/v2\/users\/2"}],"replies":[{"embeddable":true,"href":"https:\/\/zamanturkmenistan.com.tm\/index.php?rest_route=%2Fwp%2Fv2%2Fcomments&post=83819"}],"version-history":[{"count":1,"href":"https:\/\/zamanturkmenistan.com.tm\/index.php?rest_route=\/wp\/v2\/posts\/83819\/revisions"}],"predecessor-version":[{"id":83821,"href":"https:\/\/zamanturkmenistan.com.tm\/index.php?rest_route=\/wp\/v2\/posts\/83819\/revisions\/83821"}],"wp:featuredmedia":[{"embeddable":true,"href":"https:\/\/zamanturkmenistan.com.tm\/index.php?rest_route=\/wp\/v2\/media\/83820"}],"wp:attachment":[{"href":"https:\/\/zamanturkmenistan.com.tm\/index.php?rest_route=%2Fwp%2Fv2%2Fmedia&parent=83819"}],"wp:term":[{"taxonomy":"category","embeddable":true,"href":"https:\/\/zamanturkmenistan.com.tm\/index.php?rest_route=%2Fwp%2Fv2%2Fcategories&post=83819"},{"taxonomy":"post_tag","embeddable":true,"href":"https:\/\/zamanturkmenistan.com.tm\/index.php?rest_route=%2Fwp%2Fv2%2Ftags&post=83819"}],"curies":[{"name":"wp","href":"https:\/\/api.w.org\/{rel}","templated":true}]}}