{"id":83825,"date":"2023-08-04T16:35:32","date_gmt":"2023-08-04T11:35:32","guid":{"rendered":"https:\/\/zamanturkmenistan.com.tm\/?p=83825"},"modified":"2023-08-04T17:31:36","modified_gmt":"2023-08-04T12:31:36","slug":"turkmenistanyn-prezidenti-bilen-tajigistanyn-prezidentinin-arasynda-dususyk-gecirildi","status":"publish","type":"post","link":"https:\/\/zamanturkmenistan.com.tm\/?p=83825","title":{"rendered":"T\u00fcrkmenistany\u0148 Prezidenti bilen T\u00e4jigistany\u0148 Prezidentini\u0148 arasynda du\u015fu\u015fyk ge\u00e7irildi"},"content":{"rendered":"<p>4-nji aw\u00adgust\u00adda pa\u00fd\u00adtag\u00adty\u00admy\u00adzy\u0148 \u00abAr\u00adka\u00addag\u00bb myh\u00adman\u00adha\u00adna\u00adsyn\u00adda T\u00fcrk\u00adme\u00adnis\u00adta\u00adny\u0148 Pre\u00adzi\u00adden\u00adti Ser\u00addar Berdimuhamedow \u00fc\u00e7\u00adta\u00adrap\u00adla\u00ad\u00fdyn sam\u00admi\u00adte gat\u00adna\u015f\u00admak \u00fc\u00e7in \u00fdur\u00addu\u00admy\u00adza ge\u00adlen T\u00e4\u00adji\u00adgis\u00adtan Res\u00adpub\u00adli\u00adka\u00adsy\u00adny\u0148 Pre\u00adzi\u00adden\u00adti Emo\u00adma\u00adli Rah\u00admon bi\u00adlen du\u00ad\u015fu\u015f\u00addy.<br \/>\nIki do\u00adgan\u00adlyk d\u00f6w\u00adle\u00adti\u0148 Ba\u015f\u00adtu\u00adtan\u00adla\u00adry iki\u00adta\u00adrap\u00adla\u00ad\u00fdyn hyz\u00admat\u00adda\u015f\u00adly\u00adgy \u00f6s\u00add\u00fcr\u00adme\u00adgi\u0148 me\u00adse\u00adle\u00adle\u00adri\u00adni ara alyp mas\u00adla\u00adhat\u00adla\u015f\u00addy\u00adlar. \u015ee\u00fd\u00adle hem ta\u00adrap\u00adlar hal\u00adka\u00adra we se\u00adbit de\u00adre\u00adje\u00adsin\u00add\u00e4\u00adki \u00f6za\u00adra b\u00e4h\u00adbit\u00adli me\u00adse\u00adle\u00adler ba\u00adra\u00adda pi\u00adkir aly\u015f\u00addy\u00adlar.<br \/>\nIki dost\u00adluk\u00adly d\u00f6w\u00adle\u00adti\u0148 Pre\u00adzi\u00addent\u00adle\u00adri ge\u00ad\u00e7i\u00adril\u00adjek \u00fc\u00e7\u00adta\u00adrap\u00adla\u00ad\u00fdyn \u2013 T\u00fcrk\u00adme\u00adnis\u00adta\u00adny\u0148, T\u00e4\u00adji\u00adgis\u00adta\u00adny\u0148 we \u00d6z\u00adbe\u00adgis\u00adta\u00adny\u0148 Ba\u015f\u00adtu\u00adtan\u00adla\u00adry\u00adny\u0148 sam\u00admi\u00adti\u00adni\u0148 se\u00adbit hyz\u00admat\u00adda\u015f\u00adly\u00adgy\u00adny\u0148 mun\u00addan be\u00fd\u00adk\u00e4k hem \u00f6s\u00fc\u00ad\u015fi\u00adne iter\u00adgi ber\u00adjek\u00addi\u00adgi\u00adne ynam bil\u00addir\u00addi\u00adler.<\/p>\n","protected":false},"excerpt":{"rendered":"<p>4-nji aw\u00adgust\u00adda pa\u00fd\u00adtag\u00adty\u00admy\u00adzy\u0148 \u00abAr\u00adka\u00addag\u00bb myh\u00adman\u00adha\u00adna\u00adsyn\u00adda T\u00fcrk\u00adme\u00adnis\u00adta\u00adny\u0148 Pre\u00adzi\u00adden\u00adti Ser\u00addar Berdimuhamedow \u00fc\u00e7\u00adta\u00adrap\u00adla\u00ad\u00fdyn sam\u00admi\u00adte gat\u00adna\u015f\u00admak \u00fc\u00e7in \u00fdur\u00addu\u00admy\u00adza ge\u00adlen T\u00e4\u00adji\u00adgis\u00adtan Res\u00adpub\u00adli\u00adka\u00adsy\u00adny\u0148 Pre\u00adzi\u00adden\u00adti Emo\u00adma\u00adli Rah\u00admon bi\u00adlen du\u00ad\u015fu\u015f\u00addy. Iki do\u00adgan\u00adlyk d\u00f6w\u00adle\u00adti\u0148 Ba\u015f\u00adtu\u00adtan\u00adla\u00adry iki\u00adta\u00adrap\u00adla\u00ad\u00fdyn hyz\u00admat\u00adda\u015f\u00adly\u00adgy \u00f6s\u00add\u00fcr\u00adme\u00adgi\u0148 me\u00adse\u00adle\u00adle\u00adri\u00adni ara alyp mas\u00adla\u00adhat\u00adla\u015f\u00addy\u00adlar. \u015ee\u00fd\u00adle hem ta\u00adrap\u00adlar hal\u00adka\u00adra we se\u00adbit de\u00adre\u00adje\u00adsin\u00add\u00e4\u00adki \u00f6za\u00adra b\u00e4h\u00adbit\u00adli me\u00adse\u00adle\u00adler ba\u00adra\u00adda pi\u00adkir aly\u015f\u00addy\u00adlar. Iki dost\u00adluk\u00adly d\u00f6w\u00adle\u00adti\u0148 Pre\u00adzi\u00addent\u00adle\u00adri ge\u00ad\u00e7i\u00adril\u00adjek \u00fc\u00e7\u00adta\u00adrap\u00adla\u00ad\u00fdyn \u2013 T\u00fcrk\u00adme\u00adnis\u00adta\u00adny\u0148, T\u00e4\u00adji\u00adgis\u00adta\u00adny\u0148 [&hellip;]<\/p>\n","protected":false},"author":2,"featured_media":83831,"comment_status":"open","ping_status":"closed","sticky":false,"template":"","format":"standard","meta":{"footnotes":""},"categories":[3],"tags":[],"acf":[],"_links":{"self":[{"href":"https:\/\/zamanturkmenistan.com.tm\/index.php?rest_route=\/wp\/v2\/posts\/83825"}],"collection":[{"href":"https:\/\/zamanturkmenistan.com.tm\/index.php?rest_route=\/wp\/v2\/posts"}],"about":[{"href":"https:\/\/zamanturkmenistan.com.tm\/index.php?rest_route=\/wp\/v2\/types\/post"}],"author":[{"embeddable":true,"href":"https:\/\/zamanturkmenistan.com.tm\/index.php?rest_route=\/wp\/v2\/users\/2"}],"replies":[{"embeddable":true,"href":"https:\/\/zamanturkmenistan.com.tm\/index.php?rest_route=%2Fwp%2Fv2%2Fcomments&post=83825"}],"version-history":[{"count":1,"href":"https:\/\/zamanturkmenistan.com.tm\/index.php?rest_route=\/wp\/v2\/posts\/83825\/revisions"}],"predecessor-version":[{"id":83827,"href":"https:\/\/zamanturkmenistan.com.tm\/index.php?rest_route=\/wp\/v2\/posts\/83825\/revisions\/83827"}],"wp:featuredmedia":[{"embeddable":true,"href":"https:\/\/zamanturkmenistan.com.tm\/index.php?rest_route=\/wp\/v2\/media\/83831"}],"wp:attachment":[{"href":"https:\/\/zamanturkmenistan.com.tm\/index.php?rest_route=%2Fwp%2Fv2%2Fmedia&parent=83825"}],"wp:term":[{"taxonomy":"category","embeddable":true,"href":"https:\/\/zamanturkmenistan.com.tm\/index.php?rest_route=%2Fwp%2Fv2%2Fcategories&post=83825"},{"taxonomy":"post_tag","embeddable":true,"href":"https:\/\/zamanturkmenistan.com.tm\/index.php?rest_route=%2Fwp%2Fv2%2Ftags&post=83825"}],"curies":[{"name":"wp","href":"https:\/\/api.w.org\/{rel}","templated":true}]}}