{"id":83832,"date":"2023-08-04T17:39:01","date_gmt":"2023-08-04T12:39:01","guid":{"rendered":"https:\/\/zamanturkmenistan.com.tm\/?p=83832"},"modified":"2023-08-04T17:41:35","modified_gmt":"2023-08-04T12:41:35","slug":"tunisin-prezidenti-taze-premyer-ministr-belledi","status":"publish","type":"post","link":"https:\/\/zamanturkmenistan.com.tm\/?p=83832","title":{"rendered":"Tunisi\u0148 Prezidenti t\u00e4ze Prem\u00fder-ministr belledi"},"content":{"rendered":"<p>Tunisi\u0148 Prezidenti Kais Said, Najla Buden Romdany Prem\u00fder-ministr wezipesinden a\u00fdryp, Ahmed al-Ha\u015fani bu wezip\u00e4 belledi. Bu wezip\u00e4 bellenmezden ozal A. al-Ha\u015fani Tunisi\u0148 Merkezi bankynda i\u015fle\u00fd\u00e4rdi. 2021-nji \u00fdyly\u0148 29-njy sent\u00fdabrynda K.Said, N. Buden Romdany Prem\u00fder-ministr edip belledi. Ol Tunisi\u0148 taryhynda h\u00f6k\u00fcmete \u00fdolba\u015f\u00e7ylyk eden ilkinji zenan boldy.<\/p>\n","protected":false},"excerpt":{"rendered":"<p>Tunisi\u0148 Prezidenti Kais Said, Najla Buden Romdany Prem\u00fder-ministr wezipesinden a\u00fdryp, Ahmed al-Ha\u015fani bu wezip\u00e4 belledi. Bu wezip\u00e4 bellenmezden ozal A. al-Ha\u015fani Tunisi\u0148 Merkezi bankynda i\u015fle\u00fd\u00e4rdi. 2021-nji \u00fdyly\u0148 29-njy sent\u00fdabrynda K.Said, N. Buden Romdany Prem\u00fder-ministr edip belledi. Ol Tunisi\u0148 taryhynda h\u00f6k\u00fcmete \u00fdolba\u015f\u00e7ylyk eden ilkinji zenan boldy.<\/p>\n","protected":false},"author":2,"featured_media":83833,"comment_status":"open","ping_status":"closed","sticky":false,"template":"","format":"standard","meta":{"footnotes":""},"categories":[5],"tags":[],"acf":[],"_links":{"self":[{"href":"https:\/\/zamanturkmenistan.com.tm\/index.php?rest_route=\/wp\/v2\/posts\/83832"}],"collection":[{"href":"https:\/\/zamanturkmenistan.com.tm\/index.php?rest_route=\/wp\/v2\/posts"}],"about":[{"href":"https:\/\/zamanturkmenistan.com.tm\/index.php?rest_route=\/wp\/v2\/types\/post"}],"author":[{"embeddable":true,"href":"https:\/\/zamanturkmenistan.com.tm\/index.php?rest_route=\/wp\/v2\/users\/2"}],"replies":[{"embeddable":true,"href":"https:\/\/zamanturkmenistan.com.tm\/index.php?rest_route=%2Fwp%2Fv2%2Fcomments&post=83832"}],"version-history":[{"count":1,"href":"https:\/\/zamanturkmenistan.com.tm\/index.php?rest_route=\/wp\/v2\/posts\/83832\/revisions"}],"predecessor-version":[{"id":83834,"href":"https:\/\/zamanturkmenistan.com.tm\/index.php?rest_route=\/wp\/v2\/posts\/83832\/revisions\/83834"}],"wp:featuredmedia":[{"embeddable":true,"href":"https:\/\/zamanturkmenistan.com.tm\/index.php?rest_route=\/wp\/v2\/media\/83833"}],"wp:attachment":[{"href":"https:\/\/zamanturkmenistan.com.tm\/index.php?rest_route=%2Fwp%2Fv2%2Fmedia&parent=83832"}],"wp:term":[{"taxonomy":"category","embeddable":true,"href":"https:\/\/zamanturkmenistan.com.tm\/index.php?rest_route=%2Fwp%2Fv2%2Fcategories&post=83832"},{"taxonomy":"post_tag","embeddable":true,"href":"https:\/\/zamanturkmenistan.com.tm\/index.php?rest_route=%2Fwp%2Fv2%2Ftags&post=83832"}],"curies":[{"name":"wp","href":"https:\/\/api.w.org\/{rel}","templated":true}]}}