{"id":83907,"date":"2023-08-05T14:05:56","date_gmt":"2023-08-05T09:05:56","guid":{"rendered":"https:\/\/zamanturkmenistan.com.tm\/?p=83907"},"modified":"2023-08-05T14:05:56","modified_gmt":"2023-08-05T09:05:56","slug":"energiya-merkezi-bolmagy-meyillesdiryar","status":"publish","type":"post","link":"https:\/\/zamanturkmenistan.com.tm\/?p=83907","title":{"rendered":"Energi\u00fda merkezi bolmagy me\u00fdille\u015fdir\u00fd\u00e4r"},"content":{"rendered":"<p>T\u00fcrki\u00fde tebigy gazy\u0148 bahalaryny\u0148 kesgitlen\u00fd\u00e4n we energi\u00fda \u00f6n\u00fcmlerini\u0148 s\u00f6wdasyny\u0148 amala a\u015fyryljak merkezine \u00f6wr\u00fclmegi maksat edin\u00fd\u00e4r. \u00ddurdu\u0148 energetika we tebigy ba\u00fdlyklar ministri Alparslan Ba\u00fdraktar &#8220;Sabah&#8221; gazetine beren s\u00f6hbetde\u015fliginde bu i\u015f \u00fdurdu\u0148 \u00e7\u00e4ginde gaz merkezini d\u00f6retmek baradaky taslamany\u0148 durmu\u015fa ge\u00e7irilmegi arkaly amala a\u015fyrylar di\u00fddi.<\/p>\n<p>-T\u00fcrki\u00fd\u00e4ni\u0148 esasy a\u00fdratynlygy &#8211; bu nebit we tebigy gaz \u00fc\u00e7in fiziki merkez bolmagyndan ybaratdyr. Russi\u00fda T\u00fcrki\u00fdede gaz merkezini d\u00f6retmek baradaky me\u00fdilnamany makulla\u00fdar. T\u00fcrki\u00fd\u00e4ni\u0148 tebigy gazy\u0148 bahalaryny\u0148 kesgitlen\u00fd\u00e4n merkezine \u00f6wr\u00fclmegini isle\u00fd\u00e4ris. Bu elektron s\u00f6wda we nyrh ulgamy mysaly bir zatdyr. \u015ee\u00fdle hem ammarlary\u0148yz bar bolsa, islegi\u0148 \u015fertlerine esaslanyp, arzan satyn alnan gazy satyp, girdeji gazanyp bolar &#8211; di\u00fdip, t\u00fcrk ministri Alparslan Ba\u00fdraktar belledi.<\/p>\n","protected":false},"excerpt":{"rendered":"<p>T\u00fcrki\u00fde tebigy gazy\u0148 bahalaryny\u0148 kesgitlen\u00fd\u00e4n we energi\u00fda \u00f6n\u00fcmlerini\u0148 s\u00f6wdasyny\u0148 amala a\u015fyryljak merkezine \u00f6wr\u00fclmegi maksat edin\u00fd\u00e4r. \u00ddurdu\u0148 energetika we tebigy ba\u00fdlyklar ministri Alparslan Ba\u00fdraktar &#8220;Sabah&#8221; gazetine beren s\u00f6hbetde\u015fliginde bu i\u015f \u00fdurdu\u0148 \u00e7\u00e4ginde gaz merkezini d\u00f6retmek baradaky taslamany\u0148 durmu\u015fa ge\u00e7irilmegi arkaly amala a\u015fyrylar di\u00fddi. -T\u00fcrki\u00fd\u00e4ni\u0148 esasy a\u00fdratynlygy &#8211; bu nebit we tebigy gaz \u00fc\u00e7in fiziki merkez bolmagyndan [&hellip;]<\/p>\n","protected":false},"author":2,"featured_media":83908,"comment_status":"open","ping_status":"closed","sticky":false,"template":"","format":"standard","meta":{"footnotes":""},"categories":[5],"tags":[],"acf":[],"_links":{"self":[{"href":"https:\/\/zamanturkmenistan.com.tm\/index.php?rest_route=\/wp\/v2\/posts\/83907"}],"collection":[{"href":"https:\/\/zamanturkmenistan.com.tm\/index.php?rest_route=\/wp\/v2\/posts"}],"about":[{"href":"https:\/\/zamanturkmenistan.com.tm\/index.php?rest_route=\/wp\/v2\/types\/post"}],"author":[{"embeddable":true,"href":"https:\/\/zamanturkmenistan.com.tm\/index.php?rest_route=\/wp\/v2\/users\/2"}],"replies":[{"embeddable":true,"href":"https:\/\/zamanturkmenistan.com.tm\/index.php?rest_route=%2Fwp%2Fv2%2Fcomments&post=83907"}],"version-history":[{"count":1,"href":"https:\/\/zamanturkmenistan.com.tm\/index.php?rest_route=\/wp\/v2\/posts\/83907\/revisions"}],"predecessor-version":[{"id":83909,"href":"https:\/\/zamanturkmenistan.com.tm\/index.php?rest_route=\/wp\/v2\/posts\/83907\/revisions\/83909"}],"wp:featuredmedia":[{"embeddable":true,"href":"https:\/\/zamanturkmenistan.com.tm\/index.php?rest_route=\/wp\/v2\/media\/83908"}],"wp:attachment":[{"href":"https:\/\/zamanturkmenistan.com.tm\/index.php?rest_route=%2Fwp%2Fv2%2Fmedia&parent=83907"}],"wp:term":[{"taxonomy":"category","embeddable":true,"href":"https:\/\/zamanturkmenistan.com.tm\/index.php?rest_route=%2Fwp%2Fv2%2Fcategories&post=83907"},{"taxonomy":"post_tag","embeddable":true,"href":"https:\/\/zamanturkmenistan.com.tm\/index.php?rest_route=%2Fwp%2Fv2%2Ftags&post=83907"}],"curies":[{"name":"wp","href":"https:\/\/api.w.org\/{rel}","templated":true}]}}