{"id":84135,"date":"2023-08-11T15:09:54","date_gmt":"2023-08-11T10:09:54","guid":{"rendered":"https:\/\/zamanturkmenistan.com.tm\/?p=84135"},"modified":"2023-08-21T12:25:56","modified_gmt":"2023-08-21T07:25:56","slug":"hindistanyn-kosmos-gamisi-ayyn-orbitasyna-yerlesdi","status":"publish","type":"post","link":"https:\/\/zamanturkmenistan.com.tm\/?p=84135","title":{"rendered":"Hindistany\u0148 kosmos g\u00e4misi A\u00fdy\u0148 orbitasyna \u00fderle\u015fdi"},"content":{"rendered":"<p>Hin\u00addis\u00adta\u00adny\u0148 A\u00fdy\u0148 g\u00fc\u00adnor\u00adta pol\u00ad\u00fdu\u00adsy\u00adny \u00f6w\u00adren\u00admek mak\u00adsa\u00addy bi\u00adlen i\u015f\u00adl\u00e4p ta\u00fd\u00ad\u00fdar\u00adlan \u201cChand\u00adrayaan-3\u201d at\u00adly kos\u00admos g\u00e4\u00admi\u00adsi\u00adni\u0148 \u00dde\u00adri\u0148 hem\u00adra\u00adsy\u00adny\u0148 or\u00adbi\u00adta\u00adsy\u00adna sag-aman \u00fder\u00adle\u00ad\u015fen\u00addi\u00adgi m\u00e4\u00adlim edil\u00addi. Hin\u00addis\u00adta\u00adny\u0148 \u201cANI News\u201d agent\u00adli\u00adgi\u00adni\u0148 ha\u00adba\u00adry\u00adna g\u00f6\u00adr\u00e4, Hin\u00addis\u00adta\u00adny\u0148 Kos\u00admos Bar\u00adlag\u00adla\u00adry Mer\u00adke\u00adzi ozal\u00adky ady \u201cTwit\u00adter\u201d bo\u00adlan X jem\u00adgy\u00ad\u00fdet\u00ad\u00e7i\u00adlik to\u00adrun\u00adda\u00adky me\u00addi\u00ad\u00fda plat\u00adfor\u00adma\u00adsyn\u00adda kos\u00admos g\u00e4\u00admi\u00adsi\u00adni\u0148 ha\u00fd\u00adsy\u00addyr bir b\u00f6k\u00adden\u00e7\u00adlik bi\u00adlen \u00fd\u00fcz\u00adbe-\u00fd\u00fcz bol\u00admaz\u00addan, A\u00fdy\u0148 or\u00adbi\u00adta\u00adsy\u00adna \u00fder\u00adle\u00ad\u015fen\u00addi\u00adgi\u00adni m\u00e4\u00adlim et\u00addi. 14-nji i\u00fdul\u00adda u\u00e7u\u00adry\u00adlan \u201cChand\u00adrayaan-3\u201d at\u00adly kos\u00admos en\u00adja\u00admy A\u00fdy\u0148 g\u00fc\u00adnor\u00adta pol\u00ad\u00fdu\u00adsy\u00adna gon\u00addu\u00adry\u00adlan\u00addan so\u0148\u00adra 14 g\u00fcn (bir A\u00fd g\u00fc\u00adni) i\u015f\u00adle\u00addi\u00adler.<br \/>\nEme\u00adli hem\u00adra\u00addan, go\u00adnu\u015f plat\u00adfor\u00adma\u00adsyn\u00addan we \u00fd\u00f6\u00adre\u00ad\u00fd\u00e4n mo\u00addul\u00addan yba\u00adrat bo\u00adlan \u201cChand\u00adrayaan-3\u201d-i\u0148 ag\u00adra\u00admy 3,9 ton\u00adna ba\u00adra\u00adbar. Mun\u00addan ozal Hin\u00addis\u00adtan 2008-nji hem-de 2019-njy \u00fdyl\u00adlar\u00adda hem A\u00fda bu kos\u00admos en\u00adja\u00admy\u00adny\u0148 bi\u00adrin\u00adji we ikin\u00adji nus\u00adga\u00adla\u00adry\u00adny u\u00e7u\u00adryp\u00addy. Em\u00adma bu mis\u00adsi\u00ad\u00fda\u00adlar \u015fow\u00adsuz\u00adlyk bi\u00adlen ta\u00admam\u00adla\u00adnyp\u00addy.<br \/>\n\u00ddur\u00addu\u0148 \u00fc\u00e7\u00fcn\u00adji A\u00fd mis\u00adsi\u00ad\u00fda\u00adsy\u00adny\u0148 \u015fow\u00adly ta\u00admam\u00adla\u00adnan \u00fdag\u00adda\u00ad\u00fdyn\u00adda AB\u015e, ozal\u00adky So\u00adwet So\u00ad\u00fdu\u00adzy we Hy\u00adta\u00fd d\u00f6w\u00adlet\u00adle\u00adrin\u00adden so\u0148\u00adra A\u00fda en\u00adjam gon\u00addu\u00adryp bi\u00adlen d\u00f6r\u00add\u00fcn\u00adji \u00fdurt bo\u00adlar.<br \/>\n\u00dde\u00adri ge\u00adlen\u00adde bel\u00adle\u00adsek, \u015fu g\u00fcn Rus\u00adsi\u00ad\u00fda\u00adny\u0148 \u201cLu\u00adna 25\u201d kos\u00admos en\u00adja\u00admy\u00adny\u0148 hem \u00fcs\u00adt\u00fcn\u00adlik\u00adli \u00fdag\u00adda\u00fd\u00adda u\u00e7u\u00adry\u00adlan\u00addy\u00adgy m\u00e4\u00adlim edil\u00addi.<\/p>\n","protected":false},"excerpt":{"rendered":"<p>Hin\u00addis\u00adta\u00adny\u0148 A\u00fdy\u0148 g\u00fc\u00adnor\u00adta pol\u00ad\u00fdu\u00adsy\u00adny \u00f6w\u00adren\u00admek mak\u00adsa\u00addy bi\u00adlen i\u015f\u00adl\u00e4p ta\u00fd\u00ad\u00fdar\u00adlan \u201cChand\u00adrayaan-3\u201d at\u00adly kos\u00admos g\u00e4\u00admi\u00adsi\u00adni\u0148 \u00dde\u00adri\u0148 hem\u00adra\u00adsy\u00adny\u0148 or\u00adbi\u00adta\u00adsy\u00adna sag-aman \u00fder\u00adle\u00ad\u015fen\u00addi\u00adgi m\u00e4\u00adlim edil\u00addi. Hin\u00addis\u00adta\u00adny\u0148 \u201cANI News\u201d agent\u00adli\u00adgi\u00adni\u0148 ha\u00adba\u00adry\u00adna g\u00f6\u00adr\u00e4, Hin\u00addis\u00adta\u00adny\u0148 Kos\u00admos Bar\u00adlag\u00adla\u00adry Mer\u00adke\u00adzi ozal\u00adky ady \u201cTwit\u00adter\u201d bo\u00adlan X jem\u00adgy\u00ad\u00fdet\u00ad\u00e7i\u00adlik to\u00adrun\u00adda\u00adky me\u00addi\u00ad\u00fda plat\u00adfor\u00adma\u00adsyn\u00adda kos\u00admos g\u00e4\u00admi\u00adsi\u00adni\u0148 ha\u00fd\u00adsy\u00addyr bir b\u00f6k\u00adden\u00e7\u00adlik bi\u00adlen \u00fd\u00fcz\u00adbe-\u00fd\u00fcz bol\u00admaz\u00addan, A\u00fdy\u0148 or\u00adbi\u00adta\u00adsy\u00adna \u00fder\u00adle\u00ad\u015fen\u00addi\u00adgi\u00adni m\u00e4\u00adlim et\u00addi. 14-nji i\u00fdul\u00adda u\u00e7u\u00adry\u00adlan [&hellip;]<\/p>\n","protected":false},"author":2,"featured_media":83681,"comment_status":"open","ping_status":"closed","sticky":false,"template":"","format":"standard","meta":{"footnotes":""},"categories":[3],"tags":[],"acf":[],"_links":{"self":[{"href":"https:\/\/zamanturkmenistan.com.tm\/index.php?rest_route=\/wp\/v2\/posts\/84135"}],"collection":[{"href":"https:\/\/zamanturkmenistan.com.tm\/index.php?rest_route=\/wp\/v2\/posts"}],"about":[{"href":"https:\/\/zamanturkmenistan.com.tm\/index.php?rest_route=\/wp\/v2\/types\/post"}],"author":[{"embeddable":true,"href":"https:\/\/zamanturkmenistan.com.tm\/index.php?rest_route=\/wp\/v2\/users\/2"}],"replies":[{"embeddable":true,"href":"https:\/\/zamanturkmenistan.com.tm\/index.php?rest_route=%2Fwp%2Fv2%2Fcomments&post=84135"}],"version-history":[{"count":2,"href":"https:\/\/zamanturkmenistan.com.tm\/index.php?rest_route=\/wp\/v2\/posts\/84135\/revisions"}],"predecessor-version":[{"id":84899,"href":"https:\/\/zamanturkmenistan.com.tm\/index.php?rest_route=\/wp\/v2\/posts\/84135\/revisions\/84899"}],"wp:featuredmedia":[{"embeddable":true,"href":"https:\/\/zamanturkmenistan.com.tm\/index.php?rest_route=\/wp\/v2\/media\/83681"}],"wp:attachment":[{"href":"https:\/\/zamanturkmenistan.com.tm\/index.php?rest_route=%2Fwp%2Fv2%2Fmedia&parent=84135"}],"wp:term":[{"taxonomy":"category","embeddable":true,"href":"https:\/\/zamanturkmenistan.com.tm\/index.php?rest_route=%2Fwp%2Fv2%2Fcategories&post=84135"},{"taxonomy":"post_tag","embeddable":true,"href":"https:\/\/zamanturkmenistan.com.tm\/index.php?rest_route=%2Fwp%2Fv2%2Ftags&post=84135"}],"curies":[{"name":"wp","href":"https:\/\/api.w.org\/{rel}","templated":true}]}}