{"id":84471,"date":"2023-08-15T10:00:30","date_gmt":"2023-08-15T05:00:30","guid":{"rendered":"https:\/\/zamanturkmenistan.com.tm\/?p=84471"},"modified":"2023-08-15T10:00:30","modified_gmt":"2023-08-15T05:00:30","slug":"turkmenistanyn-katardaky-ilcisi-ynanc-hatlarynyn-nusgalaryny-gowsurdy","status":"publish","type":"post","link":"https:\/\/zamanturkmenistan.com.tm\/?p=84471","title":{"rendered":"T\u00fcrkmenistany\u0148 Katardaky il\u00e7isi ynan\u00e7 hatlaryny\u0148 nusgalaryny gow\u015furdy"},"content":{"rendered":"<p>14-nji aw\u00adgust\u00adda Ka\u00adtar D\u00f6w\u00adle\u00adti\u00adni\u0148 Da\u00ad\u015fa\u00adry i\u015f\u00adler mi\u00adnistr\u00adli\u00adgi\u00adni\u0148 bi\u00adna\u00adsyn\u00adda T\u00fcrk\u00adme\u00adnis\u00adta\u00adny\u0148 Ka\u00adtar D\u00f6w\u00adle\u00adtin\u00add\u00e4\u00adki t\u00e4\u00adze bel\u00adle\u00adnen Adat\u00addan da\u00ad\u015fa\u00adry we Do\u00adly yg\u00adty\u00ad\u00fdar\u00adly Il\u00ad\u00e7i\u00adsi M.Se\u00ad\u00fdit\u00adm\u00e4m\u00adme\u00addow Ka\u00adtar D\u00f6w\u00adle\u00adti\u00adni\u0148 Da\u00ad\u015fa\u00adry i\u015f\u00adler bo\u00ad\u00fdun\u00ad\u00e7a D\u00f6w\u00adlet mi\u00adnist\u00adri Sol\u00adtan bin Sa\u00adad Al-Mu\u00adra\u00fd\u00adha ynan\u00e7 hat\u00adla\u00adry\u00adny\u0148 nus\u00adga\u00adla\u00adry\u00adny gow\u00ad\u015fur\u00addy.<br \/>\nKa\u00adtar D\u00f6w\u00adle\u00adti\u00adni\u0148 Da\u00ad\u015fa\u00adry i\u015f\u00adler bo\u00ad\u00fdun\u00ad\u00e7a D\u00f6w\u00adlet mi\u00adnist\u00adri Il\u00ad\u00e7i\u00adni we\u00adzi\u00adp\u00e4 bel\u00adlen\u00adme\u00adgi my\u00adna\u00adsy\u00adbet\u00adli gut\u00adla\u00admak bi\u00adlen, o\u0148a iki\u00adta\u00adrap\u00adla\u00ad\u00fdyn gat\u00adna\u00ad\u015fyk\u00adla\u00adry mun\u00addan be\u00fd\u00adl\u00e4k hem \u00f6s\u00add\u00fcr\u00admek bo\u00ad\u00fdun\u00ad\u00e7a alyp bar\u00adjak i\u015fin\u00adde Ka\u00adtar ta\u00adra\u00adpy\u00adny\u0148 gol\u00addaw ber\u00adm\u00e4\u00adge ta\u00fd\u00ad\u00fdar\u00addy\u00adgy\u00adny be\u00ad\u00fdan et\u00addi.<br \/>\nDu\u00ad\u015fu\u00ad\u015fy\u00adgy\u0148 do\u00adwa\u00admyn\u00adda ta\u00adrap\u00adlar T\u00fcrk\u00adme\u00adnis\u00adta\u00adny\u0148 we Ka\u00adtar D\u00f6w\u00adle\u00adti\u00adni\u0148 ara\u00adsyn\u00adda\u00adky iki\u00adta\u00adrap\u00adla\u00ad\u00fdyn gat\u00adna\u00ad\u015fyk\u00adla\u00adry\u0148 h\u00e4\u00adzir\u00adki \u00fdag\u00adda\u00ad\u00fdy we gel\u00adje\u00adgi ba\u00adra\u00adda pi\u00adkir aly\u015f\u00addy\u00adlar.<br \/>\nDu\u00ad\u015fu\u00ad\u015fy\u00adgy\u0148 ahy\u00adryn\u00adda Il\u00ad\u00e7i T\u00fcrk\u00adme\u00adnis\u00adta\u00adny\u0148 we Ka\u00adtar D\u00f6w\u00adle\u00adti\u00adni\u0148 ara\u00adsyn\u00adda\u00adky gat\u00adna\u00ad\u015fyk\u00adla\u00adry\u0148 mun\u00addan be\u00fd\u00adl\u00e4k-de pug\u00adta\u00adlan\u00addy\u00adryl\u00adma\u00adgy ug\u00adrun\u00adda ta\u00adgal\u00adla et\u00adjek\u00addi\u00adgi\u00adne ynan\u00addyr\u00addy.<\/p>\n","protected":false},"excerpt":{"rendered":"<p>14-nji aw\u00adgust\u00adda Ka\u00adtar D\u00f6w\u00adle\u00adti\u00adni\u0148 Da\u00ad\u015fa\u00adry i\u015f\u00adler mi\u00adnistr\u00adli\u00adgi\u00adni\u0148 bi\u00adna\u00adsyn\u00adda T\u00fcrk\u00adme\u00adnis\u00adta\u00adny\u0148 Ka\u00adtar D\u00f6w\u00adle\u00adtin\u00add\u00e4\u00adki t\u00e4\u00adze bel\u00adle\u00adnen Adat\u00addan da\u00ad\u015fa\u00adry we Do\u00adly yg\u00adty\u00ad\u00fdar\u00adly Il\u00ad\u00e7i\u00adsi M.Se\u00ad\u00fdit\u00adm\u00e4m\u00adme\u00addow Ka\u00adtar D\u00f6w\u00adle\u00adti\u00adni\u0148 Da\u00ad\u015fa\u00adry i\u015f\u00adler bo\u00ad\u00fdun\u00ad\u00e7a D\u00f6w\u00adlet mi\u00adnist\u00adri Sol\u00adtan bin Sa\u00adad Al-Mu\u00adra\u00fd\u00adha ynan\u00e7 hat\u00adla\u00adry\u00adny\u0148 nus\u00adga\u00adla\u00adry\u00adny gow\u00ad\u015fur\u00addy. Ka\u00adtar D\u00f6w\u00adle\u00adti\u00adni\u0148 Da\u00ad\u015fa\u00adry i\u015f\u00adler bo\u00ad\u00fdun\u00ad\u00e7a D\u00f6w\u00adlet mi\u00adnist\u00adri Il\u00ad\u00e7i\u00adni we\u00adzi\u00adp\u00e4 bel\u00adlen\u00adme\u00adgi my\u00adna\u00adsy\u00adbet\u00adli gut\u00adla\u00admak bi\u00adlen, o\u0148a iki\u00adta\u00adrap\u00adla\u00ad\u00fdyn gat\u00adna\u00ad\u015fyk\u00adla\u00adry mun\u00addan be\u00fd\u00adl\u00e4k hem \u00f6s\u00add\u00fcr\u00admek [&hellip;]<\/p>\n","protected":false},"author":2,"featured_media":84472,"comment_status":"open","ping_status":"closed","sticky":false,"template":"","format":"standard","meta":{"footnotes":""},"categories":[3],"tags":[],"acf":[],"_links":{"self":[{"href":"https:\/\/zamanturkmenistan.com.tm\/index.php?rest_route=\/wp\/v2\/posts\/84471"}],"collection":[{"href":"https:\/\/zamanturkmenistan.com.tm\/index.php?rest_route=\/wp\/v2\/posts"}],"about":[{"href":"https:\/\/zamanturkmenistan.com.tm\/index.php?rest_route=\/wp\/v2\/types\/post"}],"author":[{"embeddable":true,"href":"https:\/\/zamanturkmenistan.com.tm\/index.php?rest_route=\/wp\/v2\/users\/2"}],"replies":[{"embeddable":true,"href":"https:\/\/zamanturkmenistan.com.tm\/index.php?rest_route=%2Fwp%2Fv2%2Fcomments&post=84471"}],"version-history":[{"count":1,"href":"https:\/\/zamanturkmenistan.com.tm\/index.php?rest_route=\/wp\/v2\/posts\/84471\/revisions"}],"predecessor-version":[{"id":84473,"href":"https:\/\/zamanturkmenistan.com.tm\/index.php?rest_route=\/wp\/v2\/posts\/84471\/revisions\/84473"}],"wp:featuredmedia":[{"embeddable":true,"href":"https:\/\/zamanturkmenistan.com.tm\/index.php?rest_route=\/wp\/v2\/media\/84472"}],"wp:attachment":[{"href":"https:\/\/zamanturkmenistan.com.tm\/index.php?rest_route=%2Fwp%2Fv2%2Fmedia&parent=84471"}],"wp:term":[{"taxonomy":"category","embeddable":true,"href":"https:\/\/zamanturkmenistan.com.tm\/index.php?rest_route=%2Fwp%2Fv2%2Fcategories&post=84471"},{"taxonomy":"post_tag","embeddable":true,"href":"https:\/\/zamanturkmenistan.com.tm\/index.php?rest_route=%2Fwp%2Fv2%2Ftags&post=84471"}],"curies":[{"name":"wp","href":"https:\/\/api.w.org\/{rel}","templated":true}]}}