{"id":84662,"date":"2023-08-18T11:33:45","date_gmt":"2023-08-18T06:33:45","guid":{"rendered":"https:\/\/zamanturkmenistan.com.tm\/?p=84662"},"modified":"2023-08-18T11:33:45","modified_gmt":"2023-08-18T06:33:45","slug":"yylyn-in-gowy-suwasty-fotosuratlary-saylandy","status":"publish","type":"post","link":"https:\/\/zamanturkmenistan.com.tm\/?p=84662","title":{"rendered":"\u00ddy\u00adly\u0148 i\u0148 go\u00adwy su\u00adwas\u00adty fo\u00adto\u00adsu\u00adrat\u00adla\u00adry sa\u00fd\u00adlan\u00addy"},"content":{"rendered":"<p>\u00ddy\u00adly\u0148 i\u0148 go\u00adwy su\u00adwas\u00adty fo\u00adto\u00adsu\u00adrat\u00adla\u00adry (The 2023 Un\u00adder\u00adwa\u00adter Pho\u00adtog\u00adrap\u00adhy Of The Year) b\u00e4s\u00adle\u00ad\u015fi\u00adgi\u00adni\u0148 \u00fde\u00ad\u0148i\u00adji\u00adle\u00adri m\u00e4\u00adlim edil\u00addi. \u00dda\u00adry\u00ad\u015fa d\u00fcn\u00ad\u00fd\u00e4\u00adni\u0148 72 \u00fdur\u00addun\u00addan 6 m\u00fc\u0148\u00adden gow\u00adrak fo\u00adto\u00adsu\u00adrat\u00ad\u00e7y gat\u00adna\u00ad\u015fyp\u00addyr. Bi\u00adrin\u00adji or\u00adna G\u00fc\u00adn\u00fc\u0148 \u00fda\u015f\u00ad\u00fdan \u00e7a\u00adgy d\u00fc\u00ad\u015f\u00fc\u00adri\u00adlen del\u00adfi\u00adni\u0148 su\u00adra\u00adty my\u00adna\u00adsyp bol\u00addy. \u00dda\u00adry\u00ad\u015fa um\u00adman\u00adla\u00adry\u0148, de\u00ad\u0148iz\u00adle\u00adri\u0148, k\u00f6l\u00adle\u00adri\u0148 we der\u00ad\u00fda\u00adla\u00adry\u0148 suratlary, umu\u00adman suw\u00adda d\u00fc\u00ad\u015f\u00fc\u00adri\u00adlen su\u00adrat\u00adlar ibe\u00adril\u00ad\u00fd\u00e4r. Hat\u00adda \u00fd\u00fc\u00adz\u00fcl\u00ad\u00fd\u00e4n ho\u00adwuz\u00adda d\u00fc\u00ad\u015f\u00fc\u00adri\u00adlen su\u00adrat\u00adlar hem ibe\u00adri\u00adlip\u00addir. Emin ag\u00adza\u00adla\u00adry bu \u00fdyl\u00adky \u00fda\u00adry\u00ad\u015fa re\u00adkord de\u00adre\u00adje\u00adde \u00fd\u00fcz\u00adtut\u00adma\u00adny ka\u00adbul eden\u00addik\u00adle\u00adri\u00adni bel\u00adle\u00ad\u00fd\u00e4rler. Su\u00adrat\u00adlar\u00adda \u00f6s\u00fcm\u00adlik\u00adle\u00adri\u0148, ha\u00fd\u00adwan\u00adla\u00adry\u0148, adam\u00adla\u00adry\u0148, su\u00adwu\u0148 d\u00fc\u00fd\u00adb\u00fc\u00adne ba\u00adtan g\u00e4\u00admi\u00adle\u00adri\u0148 we u\u00e7ar\u00adla\u00adry\u0148, su\u00adwas\u00adty go\u00adwak\u00adla\u00adry\u0148 we be\u00fd\u00adle\u00adki\u00adle\u00adri\u0148 bar\u00addy\u00adgy bel\u00adle\u00adnil\u00ad\u00fd\u00e4r. Su\u00adrat\u00adlar Ark\u00adti\u00adka\u00adda, An\u00adtark\u00adti\u00addada we iki\u00adsi\u00adni\u0148 ara\u00adly\u00adgyn\u00adda\u00adky um\u00adman\u00adlar\u00adda has k\u00f6p d\u00fc\u00ad\u015f\u00fc\u00adri\u00adlip\u00addir. \u015ee\u00fd\u00adle hem d\u00fcn\u00ad\u00fd\u00e4\u00adni\u0148 i\u0148 uly k\u00f6\u00adli ha\u00adsap\u00adlan\u00ad\u00fdan Ba\u00fd\u00adkal k\u00f6\u00adl\u00fcn\u00adde d\u00fc\u00ad\u015f\u00fc\u00adri\u00adlen su\u00adrat\u00adlar hem bar. Ba\u015f ba\u00fd\u00adra\u00adga bol\u00adsa Ama\u00adzon\u00adka der\u00ad\u00fda\u00adsyn\u00adda d\u00fc\u00ad\u015f\u00fc\u00adri\u00adlen su\u00adrat mynasyp g\u00f6rl\u00fcpdir.<br \/>\nSu\u00adrat\u00adlar\u00adda ki\u00ad\u00e7i\u00adjik ba\u00adly\u00adjak\u00adlar, le\u0148\u00ad\u0148e\u00e7\u00adler, ha\u00adma\u00adna gu\u00ad\u015fu\u0148 u\u00e7u\u00ad\u015fy \u00fda\u00adly he\u00adre\u00adket et\u00adme\u00adgi bi\u00adlen ta\u00adpa\u00adwut\u00adlan\u00ad\u00fdan de\u00ad\u0148iz til\u00adki\u00adsi we su\u00adwas\u00adty to\u00adka\u00fd\u00adlar bar.<\/p>\n<p style=\"text-align: right;\"><strong>Aga\u00admy\u00adrat \u00ddaz\u00adgu\u00adly\u00ad\u00fdew, <\/strong><br \/>\n<strong>Ak bug\u00adda\u00fd et\u00adra\u00adbyn\u00adda\u00adky \u00c7a\u00adga\u00adlar sun\u00adgat mek\u00adde\u00adbi\u00adni\u0148 m\u00fc\u00addi\u00adri.<\/strong><\/p>\n","protected":false},"excerpt":{"rendered":"<p>\u00ddy\u00adly\u0148 i\u0148 go\u00adwy su\u00adwas\u00adty fo\u00adto\u00adsu\u00adrat\u00adla\u00adry (The 2023 Un\u00adder\u00adwa\u00adter Pho\u00adtog\u00adrap\u00adhy Of The Year) b\u00e4s\u00adle\u00ad\u015fi\u00adgi\u00adni\u0148 \u00fde\u00ad\u0148i\u00adji\u00adle\u00adri m\u00e4\u00adlim edil\u00addi. \u00dda\u00adry\u00ad\u015fa d\u00fcn\u00ad\u00fd\u00e4\u00adni\u0148 72 \u00fdur\u00addun\u00addan 6 m\u00fc\u0148\u00adden gow\u00adrak fo\u00adto\u00adsu\u00adrat\u00ad\u00e7y gat\u00adna\u00ad\u015fyp\u00addyr. Bi\u00adrin\u00adji or\u00adna G\u00fc\u00adn\u00fc\u0148 \u00fda\u015f\u00ad\u00fdan \u00e7a\u00adgy d\u00fc\u00ad\u015f\u00fc\u00adri\u00adlen del\u00adfi\u00adni\u0148 su\u00adra\u00adty my\u00adna\u00adsyp bol\u00addy. \u00dda\u00adry\u00ad\u015fa um\u00adman\u00adla\u00adry\u0148, de\u00ad\u0148iz\u00adle\u00adri\u0148, k\u00f6l\u00adle\u00adri\u0148 we der\u00ad\u00fda\u00adla\u00adry\u0148 suratlary, umu\u00adman suw\u00adda d\u00fc\u00ad\u015f\u00fc\u00adri\u00adlen su\u00adrat\u00adlar ibe\u00adril\u00ad\u00fd\u00e4r. Hat\u00adda \u00fd\u00fc\u00adz\u00fcl\u00ad\u00fd\u00e4n ho\u00adwuz\u00adda d\u00fc\u00ad\u015f\u00fc\u00adri\u00adlen su\u00adrat\u00adlar hem ibe\u00adri\u00adlip\u00addir. Emin [&hellip;]<\/p>\n","protected":false},"author":2,"featured_media":84663,"comment_status":"open","ping_status":"closed","sticky":false,"template":"","format":"standard","meta":{"footnotes":""},"categories":[5],"tags":[],"acf":[],"_links":{"self":[{"href":"https:\/\/zamanturkmenistan.com.tm\/index.php?rest_route=\/wp\/v2\/posts\/84662"}],"collection":[{"href":"https:\/\/zamanturkmenistan.com.tm\/index.php?rest_route=\/wp\/v2\/posts"}],"about":[{"href":"https:\/\/zamanturkmenistan.com.tm\/index.php?rest_route=\/wp\/v2\/types\/post"}],"author":[{"embeddable":true,"href":"https:\/\/zamanturkmenistan.com.tm\/index.php?rest_route=\/wp\/v2\/users\/2"}],"replies":[{"embeddable":true,"href":"https:\/\/zamanturkmenistan.com.tm\/index.php?rest_route=%2Fwp%2Fv2%2Fcomments&post=84662"}],"version-history":[{"count":1,"href":"https:\/\/zamanturkmenistan.com.tm\/index.php?rest_route=\/wp\/v2\/posts\/84662\/revisions"}],"predecessor-version":[{"id":84673,"href":"https:\/\/zamanturkmenistan.com.tm\/index.php?rest_route=\/wp\/v2\/posts\/84662\/revisions\/84673"}],"wp:featuredmedia":[{"embeddable":true,"href":"https:\/\/zamanturkmenistan.com.tm\/index.php?rest_route=\/wp\/v2\/media\/84663"}],"wp:attachment":[{"href":"https:\/\/zamanturkmenistan.com.tm\/index.php?rest_route=%2Fwp%2Fv2%2Fmedia&parent=84662"}],"wp:term":[{"taxonomy":"category","embeddable":true,"href":"https:\/\/zamanturkmenistan.com.tm\/index.php?rest_route=%2Fwp%2Fv2%2Fcategories&post=84662"},{"taxonomy":"post_tag","embeddable":true,"href":"https:\/\/zamanturkmenistan.com.tm\/index.php?rest_route=%2Fwp%2Fv2%2Ftags&post=84662"}],"curies":[{"name":"wp","href":"https:\/\/api.w.org\/{rel}","templated":true}]}}