{"id":84678,"date":"2023-08-18T11:47:19","date_gmt":"2023-08-18T06:47:19","guid":{"rendered":"https:\/\/zamanturkmenistan.com.tm\/?p=84678"},"modified":"2023-08-18T11:47:19","modified_gmt":"2023-08-18T06:47:19","slug":"bambukdan-yasalan-ekologik-welosipedler-ulanylyar","status":"publish","type":"post","link":"https:\/\/zamanturkmenistan.com.tm\/?p=84678","title":{"rendered":"Bambukdan \u00fdasalan ekologik welosipedler ulanyl\u00fdar"},"content":{"rendered":"<p>Gawanany\u0148 k\u00f6\u00e7elerinde ekologik ta\u00fddan arassa bambuk welosipedler pe\u00fdda boldy. Bu barada\u00a0 \u201cReuters\u201d habar ber\u00fd\u00e4r. Bu welosiped \u00fderli ussahanada \u00fdasal\u00fdar. Maglumatlara g\u00f6r\u00e4, \u00fdurtda \u00f6n\u00fcm\u00e7ilikde ulanylan her bambuk agajyny\u0148 deregine onusy oturdyl\u00fdar. Bambugy\u0148 g\u00fcnde 75 santimetr \u00f6s\u00fd\u00e4ndigini g\u00f6z \u00f6\u0148\u00fcnde tutsa\u0148, \u015fe\u00fdle \u00f6n\u00fcm\u00e7ilik \u00fderli \u00f6s\u00fcmlikler d\u00fcn\u00fd\u00e4sine zeper \u00fdetirme\u00fd\u00e4r. Ussahanada \u015fe\u00fdle hem t\u00e4ze welosipedleri \u00fdasamagy \u00f6wred\u00fd\u00e4n sapaklar hem gural\u00fdar. Bu \u00fderde h\u00fcn\u00e4r \u00f6wrenenler so\u0148ra \u00fderli welosiped d\u00fckanlarynda i\u015fl\u00e4p \u00fda-da \u00f6z \u00f6n\u00fcm\u00e7iligini \u00fdola go\u00fdup bilerler. Kubalylar \u015fe\u00fdle etmek bilen, da\u015fky gur\u015fawy\u0148 hapalanmagyny\u0148 hem-de i\u015fsizligi\u0148 \u00f6\u0148\u00fcne almaga tagalla ed\u00fd\u00e4rler.<\/p>\n","protected":false},"excerpt":{"rendered":"<p>Gawanany\u0148 k\u00f6\u00e7elerinde ekologik ta\u00fddan arassa bambuk welosipedler pe\u00fdda boldy. Bu barada\u00a0 \u201cReuters\u201d habar ber\u00fd\u00e4r. Bu welosiped \u00fderli ussahanada \u00fdasal\u00fdar. Maglumatlara g\u00f6r\u00e4, \u00fdurtda \u00f6n\u00fcm\u00e7ilikde ulanylan her bambuk agajyny\u0148 deregine onusy oturdyl\u00fdar. Bambugy\u0148 g\u00fcnde 75 santimetr \u00f6s\u00fd\u00e4ndigini g\u00f6z \u00f6\u0148\u00fcnde tutsa\u0148, \u015fe\u00fdle \u00f6n\u00fcm\u00e7ilik \u00fderli \u00f6s\u00fcmlikler d\u00fcn\u00fd\u00e4sine zeper \u00fdetirme\u00fd\u00e4r. Ussahanada \u015fe\u00fdle hem t\u00e4ze welosipedleri \u00fdasamagy \u00f6wred\u00fd\u00e4n sapaklar hem gural\u00fdar. [&hellip;]<\/p>\n","protected":false},"author":2,"featured_media":84679,"comment_status":"open","ping_status":"closed","sticky":false,"template":"","format":"standard","meta":{"footnotes":""},"categories":[5],"tags":[],"acf":[],"_links":{"self":[{"href":"https:\/\/zamanturkmenistan.com.tm\/index.php?rest_route=\/wp\/v2\/posts\/84678"}],"collection":[{"href":"https:\/\/zamanturkmenistan.com.tm\/index.php?rest_route=\/wp\/v2\/posts"}],"about":[{"href":"https:\/\/zamanturkmenistan.com.tm\/index.php?rest_route=\/wp\/v2\/types\/post"}],"author":[{"embeddable":true,"href":"https:\/\/zamanturkmenistan.com.tm\/index.php?rest_route=\/wp\/v2\/users\/2"}],"replies":[{"embeddable":true,"href":"https:\/\/zamanturkmenistan.com.tm\/index.php?rest_route=%2Fwp%2Fv2%2Fcomments&post=84678"}],"version-history":[{"count":1,"href":"https:\/\/zamanturkmenistan.com.tm\/index.php?rest_route=\/wp\/v2\/posts\/84678\/revisions"}],"predecessor-version":[{"id":84680,"href":"https:\/\/zamanturkmenistan.com.tm\/index.php?rest_route=\/wp\/v2\/posts\/84678\/revisions\/84680"}],"wp:featuredmedia":[{"embeddable":true,"href":"https:\/\/zamanturkmenistan.com.tm\/index.php?rest_route=\/wp\/v2\/media\/84679"}],"wp:attachment":[{"href":"https:\/\/zamanturkmenistan.com.tm\/index.php?rest_route=%2Fwp%2Fv2%2Fmedia&parent=84678"}],"wp:term":[{"taxonomy":"category","embeddable":true,"href":"https:\/\/zamanturkmenistan.com.tm\/index.php?rest_route=%2Fwp%2Fv2%2Fcategories&post=84678"},{"taxonomy":"post_tag","embeddable":true,"href":"https:\/\/zamanturkmenistan.com.tm\/index.php?rest_route=%2Fwp%2Fv2%2Ftags&post=84678"}],"curies":[{"name":"wp","href":"https:\/\/api.w.org\/{rel}","templated":true}]}}