{"id":84784,"date":"2023-08-19T09:53:37","date_gmt":"2023-08-19T04:53:37","guid":{"rendered":"https:\/\/zamanturkmenistan.com.tm\/?p=84784"},"modified":"2023-08-19T09:56:23","modified_gmt":"2023-08-19T04:56:23","slug":"turkmenistanyn-prezidenti-wengriyada-saparda-bolar","status":"publish","type":"post","link":"https:\/\/zamanturkmenistan.com.tm\/?p=84784","title":{"rendered":"T\u00fcrkmenistany\u0148 Prezidenti Wengri\u00fdada saparda bolar"},"content":{"rendered":"<p>Weng\u00adri\u00ad\u00fda\u00adny\u0148 da\u00ad\u015fa\u00adry i\u015f\u00adler mi\u00adnist\u00adri Pe\u00adter Si\u00fd\u00ad\u00fdar\u00adto T\u00fcrk\u00adme\u00adnis\u00adta\u00adny\u0148 Pre\u00adzi\u00adden\u00adti\u00adni\u0148 19-20-nji aw\u00adgust ara\u00adly\u00adgyn\u00adda Weng\u00adri\u00ad\u00fda\u00adda sa\u00adpar\u00adda bol\u00adjak\u00addy\u00adgy\u00adny m\u00e4\u00adlim et\u00addi. Bu ba\u00adra\u00adda wen\u00adger met\u00adbu\u00adgaty ha\u00adbar ber\u00ad\u00fd\u00e4r.<br \/>\nT\u00fcrk\u00adme\u00adnis\u00adta\u00adny\u0148 Pre\u00adzi\u00adden\u00adti bi\u00adlen bir ha\u00adtar\u00adda Azer\u00adba\u00fd\u00adja\u00adny\u0148, \u00d6z\u00adbe\u00adgis\u00adta\u00adny\u0148, Gyr\u00adgyz Res\u00adpub\u00adli\u00adka\u00adsy\u00adny\u0148, Bos\u00adni\u00ad\u00fda-Ger\u00adse\u00adgo\u00adwi\u00adna\u00adny\u0148 Pre\u00adzi\u00addent\u00adle\u00adri, \u015fe\u00fd\u00adle hem \u00c7e\u00adhi\u00ad\u00fda\u00adny\u0148, Awst\u00adri\u00ad\u00fda\u00adny\u0148 we Slo\u00adwe\u00adni\u00ad\u00fda\u00adny\u0148 ozal\u00adky prem\u00ad\u00fder-mi\u00adnistr\u00adle\u00adri Weng\u00adri\u00ad\u00fda\u00adda sa\u00adpar\u00adda bo\u00adlar\u00adlar.<br \/>\nBu sa\u00adpa\u00adry\u0148 bar\u00ad\u015fyn\u00adda \u00fdo\u00adka\u00adry de\u00adre\u00adje\u00adde ener\u00adge\u00adti\u00adka howp\u00adsuz\u00adly\u00adgy bo\u00ad\u00fdun\u00ad\u00e7a du\u00ad\u015fu\u00ad\u015fyk ge\u00ad\u00e7i\u00adri\u00adler.<br \/>\nM\u00e4\u00adlim bol\u00ad\u015fy \u00fda\u00adly, Weng\u00adri\u00ad\u00fda\u00adny\u0148 da\u00ad\u015fa\u00adry i\u015f\u00adler mi\u00adnist\u00adri Pe\u00adter Si\u00fd\u00ad\u00fdar\u00adto T\u00fcrk\u00adme\u00adnis\u00adta\u00adny\u0148 da\u00ad\u015fa\u00adry i\u015f\u00adler mi\u00adnist\u00adri Ra\u00ad\u015fid Me\u00adre\u00addow bi\u00adlen te\u00adle\u00adfon ar\u00adka\u00adly\u015f s\u00f6h\u00adbet\u00adde\u015f bo\u00adlup, T\u00fcrk\u00adme\u00adnis\u00adta\u00adny\u0148 \u00e4h\u00adlu\u00admu\u00admy howp\u00adsuz\u00adly\u00adgy \u00fcp\u00adj\u00fcn et\u00adm\u00e4\u00adge g\u00f6\u00adn\u00fck\u00addi\u00adri\u00adlen glo\u00adbal howp\u00adsuz\u00adlyk stra\u00adte\u00adgi\u00ad\u00fda\u00adsy\u00adny i\u015f\u00adl\u00e4p d\u00fcz\u00admek ba\u00adra\u00adda\u00adky ba\u015f\u00adlan\u00adgy\u00adjy gol\u00addap\u00addy.<br \/>\n\u015ee\u00fd\u00adle hem Weng\u00adri\u00ad\u00fda\u00adny\u0148 Prem\u00ad\u00fder-mi\u00adnist\u00adri Wik\u00adtor Or\u00adban \u015fu \u00fdy\u00adly\u0148 8-9-njy i\u00fdu\u00adnyn\u00adda T\u00fcrk\u00adme\u00adnis\u00adtan\u00adda sa\u00adpar\u00adda bo\u00adlup, T\u00fcrk\u00adme\u00adnis\u00adta\u00adny\u0148 \u00ddew\u00adro\u00adpa\u00adny\u0148 ener\u00adgi\u00ad\u00fda \u00fcp\u00adj\u00fcn\u00ad\u00e7i\u00adli\u00adgi\u00adni di\u00adwer\u00adsi\u00adfi\u00adka\u00adsi\u00ad\u00fda\u00adla\u015f\u00addyr\u00admak\u00adda m\u00f6\u00adh\u00fcm go\u00ad\u015fant go\u00ad\u015fup bil\u00adjek\u00addi\u00adgi\u00adni bel\u00adl\u00e4p ge\u00ad\u00e7ip\u00addi.<\/p>\n","protected":false},"excerpt":{"rendered":"<p>Weng\u00adri\u00ad\u00fda\u00adny\u0148 da\u00ad\u015fa\u00adry i\u015f\u00adler mi\u00adnist\u00adri Pe\u00adter Si\u00fd\u00ad\u00fdar\u00adto T\u00fcrk\u00adme\u00adnis\u00adta\u00adny\u0148 Pre\u00adzi\u00adden\u00adti\u00adni\u0148 19-20-nji aw\u00adgust ara\u00adly\u00adgyn\u00adda Weng\u00adri\u00ad\u00fda\u00adda sa\u00adpar\u00adda bol\u00adjak\u00addy\u00adgy\u00adny m\u00e4\u00adlim et\u00addi. Bu ba\u00adra\u00adda wen\u00adger met\u00adbu\u00adgaty ha\u00adbar ber\u00ad\u00fd\u00e4r. T\u00fcrk\u00adme\u00adnis\u00adta\u00adny\u0148 Pre\u00adzi\u00adden\u00adti bi\u00adlen bir ha\u00adtar\u00adda Azer\u00adba\u00fd\u00adja\u00adny\u0148, \u00d6z\u00adbe\u00adgis\u00adta\u00adny\u0148, Gyr\u00adgyz Res\u00adpub\u00adli\u00adka\u00adsy\u00adny\u0148, Bos\u00adni\u00ad\u00fda-Ger\u00adse\u00adgo\u00adwi\u00adna\u00adny\u0148 Pre\u00adzi\u00addent\u00adle\u00adri, \u015fe\u00fd\u00adle hem \u00c7e\u00adhi\u00ad\u00fda\u00adny\u0148, Awst\u00adri\u00ad\u00fda\u00adny\u0148 we Slo\u00adwe\u00adni\u00ad\u00fda\u00adny\u0148 ozal\u00adky prem\u00ad\u00fder-mi\u00adnistr\u00adle\u00adri Weng\u00adri\u00ad\u00fda\u00adda sa\u00adpar\u00adda bo\u00adlar\u00adlar. Bu sa\u00adpa\u00adry\u0148 bar\u00ad\u015fyn\u00adda \u00fdo\u00adka\u00adry de\u00adre\u00adje\u00adde ener\u00adge\u00adti\u00adka howp\u00adsuz\u00adly\u00adgy bo\u00ad\u00fdun\u00ad\u00e7a du\u00ad\u015fu\u00ad\u015fyk ge\u00ad\u00e7i\u00adri\u00adler. M\u00e4\u00adlim [&hellip;]<\/p>\n","protected":false},"author":2,"featured_media":84785,"comment_status":"open","ping_status":"closed","sticky":false,"template":"","format":"standard","meta":{"footnotes":""},"categories":[3],"tags":[],"acf":[],"_links":{"self":[{"href":"https:\/\/zamanturkmenistan.com.tm\/index.php?rest_route=\/wp\/v2\/posts\/84784"}],"collection":[{"href":"https:\/\/zamanturkmenistan.com.tm\/index.php?rest_route=\/wp\/v2\/posts"}],"about":[{"href":"https:\/\/zamanturkmenistan.com.tm\/index.php?rest_route=\/wp\/v2\/types\/post"}],"author":[{"embeddable":true,"href":"https:\/\/zamanturkmenistan.com.tm\/index.php?rest_route=\/wp\/v2\/users\/2"}],"replies":[{"embeddable":true,"href":"https:\/\/zamanturkmenistan.com.tm\/index.php?rest_route=%2Fwp%2Fv2%2Fcomments&post=84784"}],"version-history":[{"count":3,"href":"https:\/\/zamanturkmenistan.com.tm\/index.php?rest_route=\/wp\/v2\/posts\/84784\/revisions"}],"predecessor-version":[{"id":84788,"href":"https:\/\/zamanturkmenistan.com.tm\/index.php?rest_route=\/wp\/v2\/posts\/84784\/revisions\/84788"}],"wp:featuredmedia":[{"embeddable":true,"href":"https:\/\/zamanturkmenistan.com.tm\/index.php?rest_route=\/wp\/v2\/media\/84785"}],"wp:attachment":[{"href":"https:\/\/zamanturkmenistan.com.tm\/index.php?rest_route=%2Fwp%2Fv2%2Fmedia&parent=84784"}],"wp:term":[{"taxonomy":"category","embeddable":true,"href":"https:\/\/zamanturkmenistan.com.tm\/index.php?rest_route=%2Fwp%2Fv2%2Fcategories&post=84784"},{"taxonomy":"post_tag","embeddable":true,"href":"https:\/\/zamanturkmenistan.com.tm\/index.php?rest_route=%2Fwp%2Fv2%2Ftags&post=84784"}],"curies":[{"name":"wp","href":"https:\/\/api.w.org\/{rel}","templated":true}]}}