{"id":84789,"date":"2023-08-19T09:59:42","date_gmt":"2023-08-19T04:59:42","guid":{"rendered":"https:\/\/zamanturkmenistan.com.tm\/?p=84789"},"modified":"2023-08-19T09:59:42","modified_gmt":"2023-08-19T04:59:42","slug":"ozbegistanyn-we-gyrgyzystanyn-prezidentleri-wengriyada-saparda-bolarlar","status":"publish","type":"post","link":"https:\/\/zamanturkmenistan.com.tm\/?p=84789","title":{"rendered":"\u00d6zbegistany\u0148 we Gyrgyzystany\u0148 Prezidentleri Wengri\u00fdada saparda bolarlar"},"content":{"rendered":"<p>\u00d6z\u00adbe\u00adgis\u00adta\u00adny\u0148 Pre\u00adzi\u00adden\u00adti \u015eaw\u00adkat Mir\u00adzi\u00ad\u00fdo\u00ad\u00fdew \u015fu \u00fdy\u00adly\u0148 19-20-nji aw\u00adgus\u00adtyn\u00adda, Gyr\u00adgyz Res\u00adpub\u00adli\u00adka\u00adsy\u00adny\u0148 Pre\u00adzi\u00adden\u00adti Sa\u00addyr \u017da\u00adpa\u00adrow 20-nji aw\u00adgust\u00adda Weng\u00adri\u00ad\u00fda\u00adda sa\u00adpar\u00adda bo\u00adlar. Bu ba\u00adra\u00adda iki \u00fdur\u00addu\u0148 d\u00f6w\u00adlet Ba\u015f\u00adtu\u00adtan\u00adla\u00adry\u00adny\u0148 met\u00adbu\u00adga\u00adtyn\u00adda bel\u00adle\u00adni\u00adlip ge\u00ad\u00e7il\u00ad\u00fd\u00e4r.<br \/>\n\u00d6z\u00adbe\u00adgis\u00adta\u00adny\u0148 Pre\u00adzi\u00adden\u00adti hem-de Gyr\u00adgyz Res\u00adpub\u00adli\u00adka\u00adsy\u00adny\u0148 Pre\u00adzi\u00adden\u00adti bu sa\u00adpa\u00adry\u0148 \u00e7\u00e4k\u00adle\u00adrin\u00adde Weng\u00adri\u00ad\u00fda\u00adny\u0148 Prem\u00ad\u00fder-mi\u00adnist\u00adri Wik\u00adtor Or\u00adban bi\u00adlen gep\u00adle\u00ad\u015fik\u00adler ge\u00ad\u00e7i\u00adrer\u00adler we iki\u00adta\u00adrap\u00adla\u00ad\u00fdyn hyz\u00admat\u00adda\u015f\u00adlyk gat\u00adna\u00ad\u015fyk\u00adla\u00adry\u00adny ara alyp mas\u00adla\u00adhat\u00adla\u00ad\u015far\u00adlar.<br \/>\n\u015ee\u00fd\u00adle hem d\u00f6w\u00adlet Ba\u015f\u00adtu\u00adtan\u00adla\u00adry Weng\u00adri\u00ad\u00fda\u00adny\u0148 ba\u015f d\u00f6w\u00adlet ba\u00fd\u00adra\u00admy \u2013 ke\u00adra\u00admat\u00adly I\u015ft\u00adwa\u00adny\u0148 g\u00fc\u00adn\u00fc\u00adni\u0148 \u00e7\u00e4\u00adre\u00adle\u00adri\u00adni\u0148 hor\u00admat\u00adly myh\u00adma\u00adny bo\u00adlup, Bu\u00adda\u00adpe\u015ft \u015f\u00e4\u00adhe\u00adrin\u00adde ge\u00ad\u00e7i\u00adril\u00ad\u00fd\u00e4n \u00fde\u00ad\u0148il at\u00adle\u00adti\u00adka bo\u00ad\u00fdun\u00ad\u00e7a d\u00fcn\u00ad\u00fd\u00e4 \u00e7em\u00adpio\u00adna\u00adty\u00adny\u0148 er\u00adkek\u00adle\u00adri\u0148 ara\u00adsyn\u00adda\u00adky fi\u00adnal \u00fda\u00adry\u015f\u00adla\u00adry\u00adna to\u00adma\u00ad\u015fa eder\u00adler.<\/p>\n","protected":false},"excerpt":{"rendered":"<p>\u00d6z\u00adbe\u00adgis\u00adta\u00adny\u0148 Pre\u00adzi\u00adden\u00adti \u015eaw\u00adkat Mir\u00adzi\u00ad\u00fdo\u00ad\u00fdew \u015fu \u00fdy\u00adly\u0148 19-20-nji aw\u00adgus\u00adtyn\u00adda, Gyr\u00adgyz Res\u00adpub\u00adli\u00adka\u00adsy\u00adny\u0148 Pre\u00adzi\u00adden\u00adti Sa\u00addyr \u017da\u00adpa\u00adrow 20-nji aw\u00adgust\u00adda Weng\u00adri\u00ad\u00fda\u00adda sa\u00adpar\u00adda bo\u00adlar. Bu ba\u00adra\u00adda iki \u00fdur\u00addu\u0148 d\u00f6w\u00adlet Ba\u015f\u00adtu\u00adtan\u00adla\u00adry\u00adny\u0148 met\u00adbu\u00adga\u00adtyn\u00adda bel\u00adle\u00adni\u00adlip ge\u00ad\u00e7il\u00ad\u00fd\u00e4r. \u00d6z\u00adbe\u00adgis\u00adta\u00adny\u0148 Pre\u00adzi\u00adden\u00adti hem-de Gyr\u00adgyz Res\u00adpub\u00adli\u00adka\u00adsy\u00adny\u0148 Pre\u00adzi\u00adden\u00adti bu sa\u00adpa\u00adry\u0148 \u00e7\u00e4k\u00adle\u00adrin\u00adde Weng\u00adri\u00ad\u00fda\u00adny\u0148 Prem\u00ad\u00fder-mi\u00adnist\u00adri Wik\u00adtor Or\u00adban bi\u00adlen gep\u00adle\u00ad\u015fik\u00adler ge\u00ad\u00e7i\u00adrer\u00adler we iki\u00adta\u00adrap\u00adla\u00ad\u00fdyn hyz\u00admat\u00adda\u015f\u00adlyk gat\u00adna\u00ad\u015fyk\u00adla\u00adry\u00adny ara alyp mas\u00adla\u00adhat\u00adla\u00ad\u015far\u00adlar. \u015ee\u00fd\u00adle hem d\u00f6w\u00adlet Ba\u015f\u00adtu\u00adtan\u00adla\u00adry Weng\u00adri\u00ad\u00fda\u00adny\u0148 [&hellip;]<\/p>\n","protected":false},"author":2,"featured_media":84790,"comment_status":"open","ping_status":"closed","sticky":false,"template":"","format":"standard","meta":{"footnotes":""},"categories":[5],"tags":[],"acf":[],"_links":{"self":[{"href":"https:\/\/zamanturkmenistan.com.tm\/index.php?rest_route=\/wp\/v2\/posts\/84789"}],"collection":[{"href":"https:\/\/zamanturkmenistan.com.tm\/index.php?rest_route=\/wp\/v2\/posts"}],"about":[{"href":"https:\/\/zamanturkmenistan.com.tm\/index.php?rest_route=\/wp\/v2\/types\/post"}],"author":[{"embeddable":true,"href":"https:\/\/zamanturkmenistan.com.tm\/index.php?rest_route=\/wp\/v2\/users\/2"}],"replies":[{"embeddable":true,"href":"https:\/\/zamanturkmenistan.com.tm\/index.php?rest_route=%2Fwp%2Fv2%2Fcomments&post=84789"}],"version-history":[{"count":1,"href":"https:\/\/zamanturkmenistan.com.tm\/index.php?rest_route=\/wp\/v2\/posts\/84789\/revisions"}],"predecessor-version":[{"id":84791,"href":"https:\/\/zamanturkmenistan.com.tm\/index.php?rest_route=\/wp\/v2\/posts\/84789\/revisions\/84791"}],"wp:featuredmedia":[{"embeddable":true,"href":"https:\/\/zamanturkmenistan.com.tm\/index.php?rest_route=\/wp\/v2\/media\/84790"}],"wp:attachment":[{"href":"https:\/\/zamanturkmenistan.com.tm\/index.php?rest_route=%2Fwp%2Fv2%2Fmedia&parent=84789"}],"wp:term":[{"taxonomy":"category","embeddable":true,"href":"https:\/\/zamanturkmenistan.com.tm\/index.php?rest_route=%2Fwp%2Fv2%2Fcategories&post=84789"},{"taxonomy":"post_tag","embeddable":true,"href":"https:\/\/zamanturkmenistan.com.tm\/index.php?rest_route=%2Fwp%2Fv2%2Ftags&post=84789"}],"curies":[{"name":"wp","href":"https:\/\/api.w.org\/{rel}","templated":true}]}}