{"id":84854,"date":"2023-08-21T10:07:23","date_gmt":"2023-08-21T05:07:23","guid":{"rendered":"https:\/\/zamanturkmenistan.com.tm\/?p=84854"},"modified":"2023-08-21T11:35:01","modified_gmt":"2023-08-21T06:35:01","slug":"turkmenistanyn-adatdan-dasary-we-doly-ygtyyarly-ilcisi-katar-emirine-ynanc-hatlaryny-gowsurdy","status":"publish","type":"post","link":"https:\/\/zamanturkmenistan.com.tm\/?p=84854","title":{"rendered":"T\u00fcrkmenistany\u0148 adatdan da\u015fary we doly ygty\u00fdarly Il\u00e7isi Katar Emirine ynan\u00e7 hatlaryny gow\u015furdy"},"content":{"rendered":"<p>17-nji aw\u00adgust\u00adda Ka\u00adtar D\u00f6w\u00adle\u00adti\u00adni\u0148 Emi\u00adri\u00adni\u0148 k\u00f6\u015f\u00adg\u00fcn\u00adde Il\u00ad\u00e7i M.Se\u00ad\u00fdit\u00adm\u00e4m\u00adme\u00addo\u00adwy\u0148 Ka\u00adtar D\u00f6w\u00adle\u00adti\u00adni\u0148 Emi\u00adri \u015ee\u00fdh Ta\u00admim bin Ha\u00admad Al Ta\u00adn\u00e4 T\u00fcrk\u00adme\u00adnis\u00adta\u00adny\u0148 Adat\u00addan da\u00ad\u015fa\u00adry we Do\u00adly yg\u00adty\u00ad\u00fdar\u00adly Il\u00ad\u00e7i\u00adsi h\u00f6k\u00adm\u00fcn\u00adde ynan\u00e7 hat\u00adla\u00adry\u00adny gow\u00ad\u015fu\u00adry\u00adly\u015f da\u00adba\u00adra\u00adsy ge\u00ad\u00e7i\u00adril\u00addi.<br \/>\nYnan\u00e7 hat\u00adla\u00adry\u00adny gow\u00ad\u015fu\u00adry\u00adly\u015f da\u00adba\u00adra\u00adsy\u00adny\u0148 do\u00adwa\u00admyn\u00adda Il\u00ad\u00e7i Ka\u00adtar D\u00f6w\u00adle\u00adti\u00adni\u0148 Emi\u00adri \u015ee\u00fdh Ta\u00admim bin Ha\u00admad Al Ta\u00adn\u00e4 T\u00fcrk\u00adme\u00adnis\u00adta\u00adny\u0148 hor\u00admat\u00adly Pre\u00adzi\u00adden\u00adti Ser\u00addar Berdimuhamedowy\u0148 hem-de t\u00fcrk\u00admen hal\u00adky\u00adny\u0148 Mil\u00adli Li\u00adde\u00adri, T\u00fcrk\u00adme\u00adnis\u00adta\u00adny\u0148 Halk Mas\u00adla\u00adha\u00adty\u00adny\u0148 Ba\u015f\u00adly\u00adgy Gurbanguly Berdimuhamedowy\u0148 adyn\u00addan gyz\u00adgyn sa\u00adlam\u00adla\u00adry\u00adny we i\u0148 go\u00adwy ar\u00adzuw\u00adla\u00adry\u00adny \u00fde\u00adtir\u00addi.<br \/>\nT\u00fcrk\u00adme\u00adnis\u00adta\u00adny\u0148 \u00ddol\u00adba\u015f\u00ad\u00e7y\u00adly\u00adgy\u00adny\u0148 adyn\u00addan ibe\u00adri\u00adlen m\u00e4\u00adhir\u00adli s\u00f6z\u00adler \u00fc\u00e7in min\u00adnet\u00addar\u00adlyk bil\u00addi\u00adrip, \u00f6z ge\u00adze\u00adgin\u00adde Ka\u00adtar D\u00f6w\u00adle\u00adti\u00adni\u0148 Emi\u00adri \u015ee\u00fdh Ta\u00admim bin Ha\u00admad Al Ta\u00adni T\u00fcrk\u00adme\u00adnis\u00adta\u00adny\u0148 hor\u00admat\u00adly Pre\u00adzi\u00adden\u00adti Ser\u00addar Berdimuhamedowa hem-de t\u00fcrk\u00admen hal\u00adky\u00adny\u0148 Mil\u00adli Li\u00adde\u00adri, T\u00fcrk\u00adme\u00adnis\u00adta\u00adny\u0148 Halk Mas\u00adla\u00adha\u00adty\u00adny\u0148 Ba\u015f\u00adly\u00adgy Gurbanguly Berdimuhamedowa m\u00e4\u00adhir\u00adli we dost\u00adluk\u00adly sa\u00adlam\u00adla\u00adry\u00adny, T\u00fcrk\u00adme\u00adnis\u00adta\u00adny\u0148 hal\u00adky\u00adna bol\u00adsa \u00f6z\u00fc\u00adni\u0148 i\u0148 go\u00adwy pa\u00adra\u00adhat\u00ad\u00e7y\u00adlyk we aba\u00addan\u00ad\u00e7y\u00adlyk ar\u00adzuw\u00adla\u00adry\u00adny \u00fde\u00adtir\u00adme\u00adgi ha\u00ad\u00fdy\u015f et\u00addi.<\/p>\n","protected":false},"excerpt":{"rendered":"<p>17-nji aw\u00adgust\u00adda Ka\u00adtar D\u00f6w\u00adle\u00adti\u00adni\u0148 Emi\u00adri\u00adni\u0148 k\u00f6\u015f\u00adg\u00fcn\u00adde Il\u00ad\u00e7i M.Se\u00ad\u00fdit\u00adm\u00e4m\u00adme\u00addo\u00adwy\u0148 Ka\u00adtar D\u00f6w\u00adle\u00adti\u00adni\u0148 Emi\u00adri \u015ee\u00fdh Ta\u00admim bin Ha\u00admad Al Ta\u00adn\u00e4 T\u00fcrk\u00adme\u00adnis\u00adta\u00adny\u0148 Adat\u00addan da\u00ad\u015fa\u00adry we Do\u00adly yg\u00adty\u00ad\u00fdar\u00adly Il\u00ad\u00e7i\u00adsi h\u00f6k\u00adm\u00fcn\u00adde ynan\u00e7 hat\u00adla\u00adry\u00adny gow\u00ad\u015fu\u00adry\u00adly\u015f da\u00adba\u00adra\u00adsy ge\u00ad\u00e7i\u00adril\u00addi. Ynan\u00e7 hat\u00adla\u00adry\u00adny gow\u00ad\u015fu\u00adry\u00adly\u015f da\u00adba\u00adra\u00adsy\u00adny\u0148 do\u00adwa\u00admyn\u00adda Il\u00ad\u00e7i Ka\u00adtar D\u00f6w\u00adle\u00adti\u00adni\u0148 Emi\u00adri \u015ee\u00fdh Ta\u00admim bin Ha\u00admad Al Ta\u00adn\u00e4 T\u00fcrk\u00adme\u00adnis\u00adta\u00adny\u0148 hor\u00admat\u00adly Pre\u00adzi\u00adden\u00adti Ser\u00addar Berdimuhamedowy\u0148 hem-de t\u00fcrk\u00admen hal\u00adky\u00adny\u0148 Mil\u00adli Li\u00adde\u00adri, [&hellip;]<\/p>\n","protected":false},"author":2,"featured_media":84855,"comment_status":"open","ping_status":"closed","sticky":false,"template":"","format":"standard","meta":{"footnotes":""},"categories":[3],"tags":[],"acf":[],"_links":{"self":[{"href":"https:\/\/zamanturkmenistan.com.tm\/index.php?rest_route=\/wp\/v2\/posts\/84854"}],"collection":[{"href":"https:\/\/zamanturkmenistan.com.tm\/index.php?rest_route=\/wp\/v2\/posts"}],"about":[{"href":"https:\/\/zamanturkmenistan.com.tm\/index.php?rest_route=\/wp\/v2\/types\/post"}],"author":[{"embeddable":true,"href":"https:\/\/zamanturkmenistan.com.tm\/index.php?rest_route=\/wp\/v2\/users\/2"}],"replies":[{"embeddable":true,"href":"https:\/\/zamanturkmenistan.com.tm\/index.php?rest_route=%2Fwp%2Fv2%2Fcomments&post=84854"}],"version-history":[{"count":1,"href":"https:\/\/zamanturkmenistan.com.tm\/index.php?rest_route=\/wp\/v2\/posts\/84854\/revisions"}],"predecessor-version":[{"id":84856,"href":"https:\/\/zamanturkmenistan.com.tm\/index.php?rest_route=\/wp\/v2\/posts\/84854\/revisions\/84856"}],"wp:featuredmedia":[{"embeddable":true,"href":"https:\/\/zamanturkmenistan.com.tm\/index.php?rest_route=\/wp\/v2\/media\/84855"}],"wp:attachment":[{"href":"https:\/\/zamanturkmenistan.com.tm\/index.php?rest_route=%2Fwp%2Fv2%2Fmedia&parent=84854"}],"wp:term":[{"taxonomy":"category","embeddable":true,"href":"https:\/\/zamanturkmenistan.com.tm\/index.php?rest_route=%2Fwp%2Fv2%2Fcategories&post=84854"},{"taxonomy":"post_tag","embeddable":true,"href":"https:\/\/zamanturkmenistan.com.tm\/index.php?rest_route=%2Fwp%2Fv2%2Ftags&post=84854"}],"curies":[{"name":"wp","href":"https:\/\/api.w.org\/{rel}","templated":true}]}}