{"id":85086,"date":"2023-08-24T17:24:38","date_gmt":"2023-08-24T12:24:38","guid":{"rendered":"https:\/\/zamanturkmenistan.com.tm\/?p=85086"},"modified":"2023-08-24T17:24:38","modified_gmt":"2023-08-24T12:24:38","slug":"turkmen-sazandalary-gruziyada-gecirilyan-sazcylyk-festiwalyna-gatnasar","status":"publish","type":"post","link":"https:\/\/zamanturkmenistan.com.tm\/?p=85086","title":{"rendered":"T\u00fcrkmen sazandalary Gruzi\u00fdada ge\u00e7iril\u00fd\u00e4n saz\u00e7ylyk festiwalyna gatna\u015far"},"content":{"rendered":"<p>Gru\u00adzi\u00ad\u00fda\u00adny\u0148 Si\u00adnan\u00adda\u00adli \u015f\u00e4\u00adhe\u00adrin\u00adde nus\u00adga\u00adwy saz\u00adla\u00adry\u0148 mu\u015f\u00addak\u00adla\u00adry \u00fc\u00e7in 31-nji aw\u00adgust \u2013 10-njy sent\u00ad\u00fdabr ara\u00adly\u00adgyn\u00adda saz\u00ad\u00e7y\u00adlyk fes\u00adti\u00adwa\u00adly ge\u00ad\u00e7i\u00adri\u00adler. Fes\u00adti\u00adwal\u00adda Ja\u00adnand\u00adrea No\u00adze\u00adda, Manf\u00adred Ho\u00adnek, Wah\u00adtang Ka\u00adhid\u00adze we Kris\u00adtof Konts \u00fda\u00adly di\u00adri\u017e\u00ad\u00fdor\u00adlar, \u015fe\u00fd\u00adle hem \u00dde\u00adfim Bronf\u00adman, Tsot\u00adne Zed\u00adgi\u00adnid\u00adze, No\u00adbu\u00ad\u00fdu\u00adki Su\u00adji, Alek\u00adsandr Ma\u00adlo\u00adfe\u00ad\u00fdew \u00fda\u00adly wir\u00adtu\u00adoz so\u00adlist\u00adler we be\u00fd\u00adle\u00adki\u00adler \u00e7y\u00adky\u015f eder\u00adler.<br \/>\nBu fes\u00adti\u00adwal\u00adda \u00abPan Caucasian youth orchest\u00adra\u00bb at\u00adly or\u00adkest\u00adra\u00adda b\u00fc\u00adtin\u00add\u00fcn\u00ad\u00fd\u00e4 sa\u00adzan\u00adda\u00adla\u00adry bi\u00adlen bi\u00adle\u00adlik\u00adde T\u00fcrk\u00adme\u00adnis\u00adtan\u00addan 7 adam Sel\u00adbin\u00ad\u00fdaz Mul\u00adka\u00adma\u00adno\u00adwa, Al\u00adtyn Nur\u00admy\u00adra\u00addo\u00adwa, A\u00fd\u00adlar An\u00adna\u00admy\u00adra\u00addo\u00adwa, G\u00f6\u00adzel Mat\u00adka\u00adri\u00admo\u00adwa, D\u00f6w\u00adran Gy\u00adly\u00adjow, Ys\u00adma\u00ad\u00fdyl S\u00e4\u00adhet\u00admy\u00adra\u00addow, A\u00fd\u00adlar Bo\u00adta\u00ad\u00fda\u00adro\u00adwa \u00e7y\u00adky\u015f eder\u00adler. Bu sa\u00adzan\u00adda\u00adlar Ita\u00adli\u00ad\u00fda\u00adda \u015fu \u00fdy\u00adly\u0148 25-nji few\u00adra\u00adlyn\u00adda ge\u00ad\u00e7i\u00adri\u00adlen b\u00e4s\u00adle\u00ad\u015fi\u00adgi\u0148 \u00fde\u00ad\u0148i\u00adji\u00adle\u00adri\u00addir.<\/p>\n","protected":false},"excerpt":{"rendered":"<p>Gru\u00adzi\u00ad\u00fda\u00adny\u0148 Si\u00adnan\u00adda\u00adli \u015f\u00e4\u00adhe\u00adrin\u00adde nus\u00adga\u00adwy saz\u00adla\u00adry\u0148 mu\u015f\u00addak\u00adla\u00adry \u00fc\u00e7in 31-nji aw\u00adgust \u2013 10-njy sent\u00ad\u00fdabr ara\u00adly\u00adgyn\u00adda saz\u00ad\u00e7y\u00adlyk fes\u00adti\u00adwa\u00adly ge\u00ad\u00e7i\u00adri\u00adler. Fes\u00adti\u00adwal\u00adda Ja\u00adnand\u00adrea No\u00adze\u00adda, Manf\u00adred Ho\u00adnek, Wah\u00adtang Ka\u00adhid\u00adze we Kris\u00adtof Konts \u00fda\u00adly di\u00adri\u017e\u00ad\u00fdor\u00adlar, \u015fe\u00fd\u00adle hem \u00dde\u00adfim Bronf\u00adman, Tsot\u00adne Zed\u00adgi\u00adnid\u00adze, No\u00adbu\u00ad\u00fdu\u00adki Su\u00adji, Alek\u00adsandr Ma\u00adlo\u00adfe\u00ad\u00fdew \u00fda\u00adly wir\u00adtu\u00adoz so\u00adlist\u00adler we be\u00fd\u00adle\u00adki\u00adler \u00e7y\u00adky\u015f eder\u00adler. Bu fes\u00adti\u00adwal\u00adda \u00abPan Caucasian youth orchest\u00adra\u00bb at\u00adly or\u00adkest\u00adra\u00adda b\u00fc\u00adtin\u00add\u00fcn\u00ad\u00fd\u00e4 sa\u00adzan\u00adda\u00adla\u00adry [&hellip;]<\/p>\n","protected":false},"author":2,"featured_media":85087,"comment_status":"open","ping_status":"closed","sticky":false,"template":"","format":"standard","meta":{"footnotes":""},"categories":[405,12],"tags":[],"acf":[],"_links":{"self":[{"href":"https:\/\/zamanturkmenistan.com.tm\/index.php?rest_route=\/wp\/v2\/posts\/85086"}],"collection":[{"href":"https:\/\/zamanturkmenistan.com.tm\/index.php?rest_route=\/wp\/v2\/posts"}],"about":[{"href":"https:\/\/zamanturkmenistan.com.tm\/index.php?rest_route=\/wp\/v2\/types\/post"}],"author":[{"embeddable":true,"href":"https:\/\/zamanturkmenistan.com.tm\/index.php?rest_route=\/wp\/v2\/users\/2"}],"replies":[{"embeddable":true,"href":"https:\/\/zamanturkmenistan.com.tm\/index.php?rest_route=%2Fwp%2Fv2%2Fcomments&post=85086"}],"version-history":[{"count":1,"href":"https:\/\/zamanturkmenistan.com.tm\/index.php?rest_route=\/wp\/v2\/posts\/85086\/revisions"}],"predecessor-version":[{"id":85088,"href":"https:\/\/zamanturkmenistan.com.tm\/index.php?rest_route=\/wp\/v2\/posts\/85086\/revisions\/85088"}],"wp:featuredmedia":[{"embeddable":true,"href":"https:\/\/zamanturkmenistan.com.tm\/index.php?rest_route=\/wp\/v2\/media\/85087"}],"wp:attachment":[{"href":"https:\/\/zamanturkmenistan.com.tm\/index.php?rest_route=%2Fwp%2Fv2%2Fmedia&parent=85086"}],"wp:term":[{"taxonomy":"category","embeddable":true,"href":"https:\/\/zamanturkmenistan.com.tm\/index.php?rest_route=%2Fwp%2Fv2%2Fcategories&post=85086"},{"taxonomy":"post_tag","embeddable":true,"href":"https:\/\/zamanturkmenistan.com.tm\/index.php?rest_route=%2Fwp%2Fv2%2Ftags&post=85086"}],"curies":[{"name":"wp","href":"https:\/\/api.w.org\/{rel}","templated":true}]}}