{"id":85355,"date":"2023-08-26T13:05:51","date_gmt":"2023-08-26T08:05:51","guid":{"rendered":"https:\/\/zamanturkmenistan.com.tm\/?p=85355"},"modified":"2023-08-26T13:05:51","modified_gmt":"2023-08-26T08:05:51","slug":"ilkinji-suratyny-iberdi-2","status":"publish","type":"post","link":"https:\/\/zamanturkmenistan.com.tm\/?p=85355","title":{"rendered":"Ilkinji suratyny iberdi"},"content":{"rendered":"<p>Go\u00adla\u00fd\u00adda A\u00fda gon\u00addu\u00adry\u00adlan Hin\u00addis\u00adta\u00adny\u0148 \u201cChand\u00adrayaan-3\u201d kos\u00admos g\u00e4\u00admi\u00adsi il\u00adkin\u00adji su\u00adrat\u00adla\u00adry\u00adny ibe\u00adrip ba\u015f\u00adla\u00addy. kos\u00admos en\u00adja\u00admy esa\u00adsy \u00fc\u00e7 b\u00f6\u00adlek\u00adden yba\u00adrat bo\u00adlup, onu\u0148 bi\u00adri A\u00fdy\u0148 or\u00adbi\u00adta\u00adsyn\u00adda a\u00fd\u00adlan\u00ad\u00fdar. Be\u00fd\u00adle\u00adki iki\u00adsi \u201cVik\u00adram\u201d at\u00adly go\u00adnu\u015f mo\u00addu\u00adlyn\u00addan we \u201cPra\u00adgyaan\u201d at\u00adly ti\u00adgir\u00adli mo\u00addul\u00addan yba\u00adrat.<\/p>\n<p><img decoding=\"async\" loading=\"lazy\" class=\"alignleft wp-image-85357 size-medium\" src=\"https:\/\/zamanturkmenistan.com.tm\/wp-content\/uploads\/2023\/08\/chandrayaan-3-first-moon-photo-300x223.jpg\" alt=\"\" width=\"300\" height=\"223\" srcset=\"https:\/\/zamanturkmenistan.com.tm\/wp-content\/uploads\/2023\/08\/chandrayaan-3-first-moon-photo-300x223.jpg 300w, https:\/\/zamanturkmenistan.com.tm\/wp-content\/uploads\/2023\/08\/chandrayaan-3-first-moon-photo-768x570.jpg 768w, https:\/\/zamanturkmenistan.com.tm\/wp-content\/uploads\/2023\/08\/chandrayaan-3-first-moon-photo-80x60.jpg 80w, https:\/\/zamanturkmenistan.com.tm\/wp-content\/uploads\/2023\/08\/chandrayaan-3-first-moon-photo-160x120.jpg 160w, https:\/\/zamanturkmenistan.com.tm\/wp-content\/uploads\/2023\/08\/chandrayaan-3-first-moon-photo-265x198.jpg 265w, https:\/\/zamanturkmenistan.com.tm\/wp-content\/uploads\/2023\/08\/chandrayaan-3-first-moon-photo-530x396.jpg 530w, https:\/\/zamanturkmenistan.com.tm\/wp-content\/uploads\/2023\/08\/chandrayaan-3-first-moon-photo-485x360.jpg 485w, https:\/\/zamanturkmenistan.com.tm\/wp-content\/uploads\/2023\/08\/chandrayaan-3-first-moon-photo-696x517.jpg 696w, https:\/\/zamanturkmenistan.com.tm\/wp-content\/uploads\/2023\/08\/chandrayaan-3-first-moon-photo-565x420.jpg 565w, https:\/\/zamanturkmenistan.com.tm\/wp-content\/uploads\/2023\/08\/chandrayaan-3-first-moon-photo.jpg 824w\" sizes=\"(max-width: 300px) 100vw, 300px\" \/><\/p>\n<p>\u00ddur\u00addu\u0148 Kos\u00admos bar\u00adlag\u00adla\u00adry gu\u00adra\u00adma\u00adsy (IS\u00adRO) \u201cChand\u00adrayaan-3\u201d-i\u0148 A\u00fda go\u00adnan\u00addan gys\u00adga agt\u00addan so\u0148\u00adra d\u00fc\u00ad\u015f\u00fc\u00adren su\u00adra\u00adty\u00adny \u00fda\u00fd\u00adrat\u00addy. Su\u00adrat\u00adda \u201cVik\u00adram\u201d-y\u0148 bir ta\u00adra\u00adpyn\u00adda\u00adky G\u00fcn pa\u00adnel\u00adle\u00adri\u00adni\u0148 a\u00e7y\u00adlan\u00addy\u00adgy\u00adny we ag\u00adra\u00admy 26 ki\u00adlog\u00adram\u00addan gow\u00adrak bo\u00adlan \u201cPra\u00adgyaan\u201d-y\u0148 mo\u00addul\u00addan \u00e7y\u00adkyp A\u00fdy\u0148 \u00fd\u00fc\u00adz\u00fc\u00adne d\u00fc\u00ad\u015fen\u00addi\u00adgi\u00adni g\u00f6r\u00admek bol\u00ad\u00fdar. \u201cPra\u00adgyaan\u201d at\u00adly en\u00adjam kra\u00adter\u00adle\u00adri\u0148 ara\u00adsyn\u00adda he\u00adre\u00adket edip, mag\u00adlu\u00admat top\u00adlar. \u015ee\u00fd\u00adle hem A\u00fdy\u0148 top\u00adra\u00adgy\u00adny\u0148 hi\u00admi\u00adki d\u00fc\u00adz\u00fc\u00admi\u00adni \u00f6w\u00adren\u00adm\u00e4\u00adge \u00fdar\u00addam eder. \u201cPra\u00adgyaan\u201d top\u00adlan mag\u00adlu\u00admat\u00adla\u00adry \u201cVik\u00adram\u201d-da\u00adky ara\u00adgat\u00adna\u00ad\u015fyk en\u00adjam\u00adla\u00adry ar\u00adka\u00adly A\u00fdy\u0148 or\u00adbi\u00adta\u00adsyn\u00adda a\u00fd\u00adlan\u00ad\u00fdan \u201cChand\u00adrayaan-2\u201d-\u00e4 ibe\u00adri\u00adler. \u201cChand\u00adrayaan-2\u201d eme\u00adli hem\u00adra\u00adsy bol\u00adsa bu mag\u00adlu\u00admat\u00adla\u00adry \u00dder\u00add\u00e4\u00adki be\u00adke\u00adde ibe\u00adrer. Ozal ha\u00adbar ber\u00ad\u015fi\u00admiz \u00fda\u00adly kos\u00admos g\u00e4\u00admi\u00adsi 23-nji aw\u00adgust\u00adda <a href=\"https:\/\/zamanturkmenistan.com.tm\/?p=85017\">A\u00fda gon\u00addu\u00adry\u00adlyp\u00addy<\/a>.<br \/>\n\u00dde\u00adri ge\u00adlen\u00adde bel\u00adle\u00adsek, 2019-njy \u00fdyl\u00adda ibe\u00adri\u00adlen \u201cChand\u00adrayaan-2\u201d-ni\u0148 A\u00fda go\u00adnu\u015f plat\u00adfor\u00adma\u00adsy ha\u00adtar\u00addan \u00e7y\u00adkyp\u00addy. \u015ee\u00fd\u00adle-de bol\u00adsa, A\u00fdy\u0148 or\u00adbi\u00adta\u00adsyn\u00adda a\u00fd\u00adlan\u00ad\u00fdan eme\u00adli hem\u00adra\u00adsy\u00adna ze\u00adper \u00fdet\u00adm\u00e4n\u00addi.<br \/>\n\u201cChand\u00adrayaan-3\u201d-i\u0148 de\u00adgi\u015f\u00adli en\u00adjam\u00adla\u00adry\u00adny\u0148 A\u00fda gon\u00addu\u00adryl\u00adma\u00adgy bi\u00adlen Hin\u00addis\u00adtan AB\u015e, ozal\u00adky So\u00adwet So\u00ad\u00fdu\u00adzy we Hy\u00adta\u00fd\u00addan so\u0148\u00adra A\u00fda kos\u00admos en\u00adja\u00admy\u00adny gon\u00addu\u00adryp bi\u00adlen d\u00f6r\u00add\u00fcn\u00adji \u00fdurt, A\u00fdy\u0148 G\u00fc\u00adnor\u00adta pol\u00ad\u00fdu\u00adsy\u00adna en\u00adjam gon\u00addu\u00adran il\u00adkin\u00adji \u00fdurt bo\u00adlup\u00addy.<\/p>\n","protected":false},"excerpt":{"rendered":"<p>Go\u00adla\u00fd\u00adda A\u00fda gon\u00addu\u00adry\u00adlan Hin\u00addis\u00adta\u00adny\u0148 \u201cChand\u00adrayaan-3\u201d kos\u00admos g\u00e4\u00admi\u00adsi il\u00adkin\u00adji su\u00adrat\u00adla\u00adry\u00adny ibe\u00adrip ba\u015f\u00adla\u00addy. kos\u00admos en\u00adja\u00admy esa\u00adsy \u00fc\u00e7 b\u00f6\u00adlek\u00adden yba\u00adrat bo\u00adlup, onu\u0148 bi\u00adri A\u00fdy\u0148 or\u00adbi\u00adta\u00adsyn\u00adda a\u00fd\u00adlan\u00ad\u00fdar. Be\u00fd\u00adle\u00adki iki\u00adsi \u201cVik\u00adram\u201d at\u00adly go\u00adnu\u015f mo\u00addu\u00adlyn\u00addan we \u201cPra\u00adgyaan\u201d at\u00adly ti\u00adgir\u00adli mo\u00addul\u00addan yba\u00adrat. \u00ddur\u00addu\u0148 Kos\u00admos bar\u00adlag\u00adla\u00adry gu\u00adra\u00adma\u00adsy (IS\u00adRO) \u201cChand\u00adrayaan-3\u201d-i\u0148 A\u00fda go\u00adnan\u00addan gys\u00adga agt\u00addan so\u0148\u00adra d\u00fc\u00ad\u015f\u00fc\u00adren su\u00adra\u00adty\u00adny \u00fda\u00fd\u00adrat\u00addy. Su\u00adrat\u00adda \u201cVik\u00adram\u201d-y\u0148 bir ta\u00adra\u00adpyn\u00adda\u00adky G\u00fcn pa\u00adnel\u00adle\u00adri\u00adni\u0148 [&hellip;]<\/p>\n","protected":false},"author":2,"featured_media":85356,"comment_status":"open","ping_status":"closed","sticky":false,"template":"","format":"standard","meta":{"footnotes":""},"categories":[5],"tags":[],"acf":[],"_links":{"self":[{"href":"https:\/\/zamanturkmenistan.com.tm\/index.php?rest_route=\/wp\/v2\/posts\/85355"}],"collection":[{"href":"https:\/\/zamanturkmenistan.com.tm\/index.php?rest_route=\/wp\/v2\/posts"}],"about":[{"href":"https:\/\/zamanturkmenistan.com.tm\/index.php?rest_route=\/wp\/v2\/types\/post"}],"author":[{"embeddable":true,"href":"https:\/\/zamanturkmenistan.com.tm\/index.php?rest_route=\/wp\/v2\/users\/2"}],"replies":[{"embeddable":true,"href":"https:\/\/zamanturkmenistan.com.tm\/index.php?rest_route=%2Fwp%2Fv2%2Fcomments&post=85355"}],"version-history":[{"count":1,"href":"https:\/\/zamanturkmenistan.com.tm\/index.php?rest_route=\/wp\/v2\/posts\/85355\/revisions"}],"predecessor-version":[{"id":85359,"href":"https:\/\/zamanturkmenistan.com.tm\/index.php?rest_route=\/wp\/v2\/posts\/85355\/revisions\/85359"}],"wp:featuredmedia":[{"embeddable":true,"href":"https:\/\/zamanturkmenistan.com.tm\/index.php?rest_route=\/wp\/v2\/media\/85356"}],"wp:attachment":[{"href":"https:\/\/zamanturkmenistan.com.tm\/index.php?rest_route=%2Fwp%2Fv2%2Fmedia&parent=85355"}],"wp:term":[{"taxonomy":"category","embeddable":true,"href":"https:\/\/zamanturkmenistan.com.tm\/index.php?rest_route=%2Fwp%2Fv2%2Fcategories&post=85355"},{"taxonomy":"post_tag","embeddable":true,"href":"https:\/\/zamanturkmenistan.com.tm\/index.php?rest_route=%2Fwp%2Fv2%2Ftags&post=85355"}],"curies":[{"name":"wp","href":"https:\/\/api.w.org\/{rel}","templated":true}]}}