{"id":85388,"date":"2023-08-27T14:38:17","date_gmt":"2023-08-27T09:38:17","guid":{"rendered":"https:\/\/zamanturkmenistan.com.tm\/?p=85388"},"modified":"2023-08-27T14:38:17","modified_gmt":"2023-08-27T09:38:17","slug":"ikinji-mohlete-saylandy-5","status":"publish","type":"post","link":"https:\/\/zamanturkmenistan.com.tm\/?p=85388","title":{"rendered":"Ikinji m\u00f6hlete sa\u00fdlandy"},"content":{"rendered":"<p>Zim\u00adbab\u00adwe\u00adni\u0148 h\u00e4\u00adzir\u00adki Pre\u00adzi\u00adden\u00adti Em\u00admer\u00adson Mnan\u00adgag\u00adwa \u00fdurt\u00adda ge\u00ad\u00e7i\u00adri\u00adlen Pre\u00adzi\u00addent sa\u00fd\u00adlaw\u00adla\u00adryn\u00adda ikin\u00adji m\u00f6h\u00adle\u00adte sa\u00fd\u00adlan\u00addy. Bu ba\u00adra\u00adda sa\u00fd\u00adlaw to\u00adpa\u00adry\u00adny\u0148 ba\u015f\u00adly\u00adgy Pris\u00adsil\u00adla \u00c7i\u00adgum\u00adba m\u00e4\u00adlim et\u00addi.<br \/>\nOnu\u0148 s\u00f6z\u00adle\u00adri\u00adne g\u00f6\u00adr\u00e4, 23-24-nji aw\u00adgust\u00adda ge\u00ad\u00e7i\u00adri\u00adlen Pre\u00adzi\u00addent sa\u00fd\u00adlaw\u00adla\u00adryn\u00adda E. Mnan\u00adgag\u00adwa 2,35 mil\u00adli\u00adon\u00addan gow\u00adrak \u00fda-da 52,6 g\u00f6\u00adte\u00adrim ses bi\u00adlen \u00fde\u00ad\u0148i\u015f ga\u00adzan\u00addy. Onu\u0148 esa\u00adsy b\u00e4s\u00adde\u00ad\u015fi, &#8220;\u00d6z\u00adge\u00adri\u00ad\u015fik\u00adlik \u00fc\u00e7in ra\u00ad\u00fdat bi\u00adle\u00adle\u00ad\u015fi\u00adgi\u201d par\u00adti\u00ad\u00fda\u00adsy\u00adny\u0148 li\u00adde\u00adri Nel\u00adson \u00c7a\u00admis &#8211; 1,967 mil\u00adli\u00adon\u00addan gow\u00adrak, \u00fda-da 44 g\u00f6\u00adte\u00adrim se\u00adse e\u00fde bol\u00addy. Sa\u00fd\u00adlaw\u00adla\u00adry\u0148 ne\u00adti\u00adje\u00adsin\u00adde, E. Mnan\u00adgag\u00adwa ses\u00adle\u00adri\u0148 \u00fda\u00adry\u00adsyn\u00addan gow\u00adra\u00adgy\u00adna e\u00fde bo\u00adlup, res\u00admi ta\u00fd\u00addan Zim\u00adbab\u00adwe\u00adni\u0148 Pre\u00adzi\u00adden\u00adti we\u00adzi\u00adpe\u00adsi\u00adne sa\u00fd\u00adlan\u00addy.<br \/>\n\u00ddu\u00addu\u0148 ka\u00adnun\u00adla\u00adry\u00adna g\u00f6\u00adr\u00e4, Pre\u00adzi\u00addent sa\u00fd\u00adlaw\u00adla\u00adry\u00adny\u0148 bi\u00adrin\u00adji tap\u00adgy\u00adryn\u00adda ses\u00adle\u00adri\u0148 50 g\u00f6\u00adte\u00adri\u00admin\u00adden gow\u00adra\u00adgy\u00adny alan \u00fde\u00ad\u0148i\u00adji bol\u00ad\u00fdar. Da\u00adla\u015f\u00adg\u00e4r\u00adle\u00adri\u0148 hi\u00e7 bi\u00adri-de ses\u00adle\u00adri\u0148 50 g\u00f6\u00adte\u00adri\u00admin\u00adden gow\u00adra\u00adgy\u00adny al\u00adma\u00adsa, bi\u00adrin\u00adji tap\u00adgyr\u00adda i\u0148 k\u00f6p ses alan iki da\u00adla\u015f\u00adg\u00e4r ikin\u00adji tap\u00adgy\u00adra \u00e7yk\u00ad\u00fdar.<br \/>\nE. Mnan\u00adgag\u00adwa 2017-nji \u00fdy\u00adly\u0148 no\u00ad\u00fdabr a\u00fdyn\u00adda Zim\u00adbab\u00adwe\u00adni\u0148 Pre\u00adzi\u00adden\u00adti we\u00adzi\u00adpe\u00adsi\u00adne gi\u00adri\u015f\u00addi we 2018-nji \u00fdy\u00adly\u0148 30-njy i\u00fdu\u00adlyn\u00adda ge\u00ad\u00e7i\u00adri\u00adlen Pre\u00adzi\u00addent sa\u00fd\u00adlaw\u00adla\u00adryn\u00adda b\u00e4\u015f \u00fdyl\u00adlyk m\u00f6h\u00adle\u00adte \u00fcs\u00adt\u00fcn\u00adlik\u00adli sa\u00fd\u00adlan\u00addy.<\/p>\n","protected":false},"excerpt":{"rendered":"<p>Zim\u00adbab\u00adwe\u00adni\u0148 h\u00e4\u00adzir\u00adki Pre\u00adzi\u00adden\u00adti Em\u00admer\u00adson Mnan\u00adgag\u00adwa \u00fdurt\u00adda ge\u00ad\u00e7i\u00adri\u00adlen Pre\u00adzi\u00addent sa\u00fd\u00adlaw\u00adla\u00adryn\u00adda ikin\u00adji m\u00f6h\u00adle\u00adte sa\u00fd\u00adlan\u00addy. Bu ba\u00adra\u00adda sa\u00fd\u00adlaw to\u00adpa\u00adry\u00adny\u0148 ba\u015f\u00adly\u00adgy Pris\u00adsil\u00adla \u00c7i\u00adgum\u00adba m\u00e4\u00adlim et\u00addi. Onu\u0148 s\u00f6z\u00adle\u00adri\u00adne g\u00f6\u00adr\u00e4, 23-24-nji aw\u00adgust\u00adda ge\u00ad\u00e7i\u00adri\u00adlen Pre\u00adzi\u00addent sa\u00fd\u00adlaw\u00adla\u00adryn\u00adda E. Mnan\u00adgag\u00adwa 2,35 mil\u00adli\u00adon\u00addan gow\u00adrak \u00fda-da 52,6 g\u00f6\u00adte\u00adrim ses bi\u00adlen \u00fde\u00ad\u0148i\u015f ga\u00adzan\u00addy. Onu\u0148 esa\u00adsy b\u00e4s\u00adde\u00ad\u015fi, &#8220;\u00d6z\u00adge\u00adri\u00ad\u015fik\u00adlik \u00fc\u00e7in ra\u00ad\u00fdat bi\u00adle\u00adle\u00ad\u015fi\u00adgi\u201d par\u00adti\u00ad\u00fda\u00adsy\u00adny\u0148 li\u00adde\u00adri Nel\u00adson \u00c7a\u00admis &#8211; 1,967 mil\u00adli\u00adon\u00addan [&hellip;]<\/p>\n","protected":false},"author":2,"featured_media":85390,"comment_status":"open","ping_status":"closed","sticky":false,"template":"","format":"standard","meta":{"footnotes":""},"categories":[5],"tags":[],"acf":[],"_links":{"self":[{"href":"https:\/\/zamanturkmenistan.com.tm\/index.php?rest_route=\/wp\/v2\/posts\/85388"}],"collection":[{"href":"https:\/\/zamanturkmenistan.com.tm\/index.php?rest_route=\/wp\/v2\/posts"}],"about":[{"href":"https:\/\/zamanturkmenistan.com.tm\/index.php?rest_route=\/wp\/v2\/types\/post"}],"author":[{"embeddable":true,"href":"https:\/\/zamanturkmenistan.com.tm\/index.php?rest_route=\/wp\/v2\/users\/2"}],"replies":[{"embeddable":true,"href":"https:\/\/zamanturkmenistan.com.tm\/index.php?rest_route=%2Fwp%2Fv2%2Fcomments&post=85388"}],"version-history":[{"count":1,"href":"https:\/\/zamanturkmenistan.com.tm\/index.php?rest_route=\/wp\/v2\/posts\/85388\/revisions"}],"predecessor-version":[{"id":85391,"href":"https:\/\/zamanturkmenistan.com.tm\/index.php?rest_route=\/wp\/v2\/posts\/85388\/revisions\/85391"}],"wp:featuredmedia":[{"embeddable":true,"href":"https:\/\/zamanturkmenistan.com.tm\/index.php?rest_route=\/wp\/v2\/media\/85390"}],"wp:attachment":[{"href":"https:\/\/zamanturkmenistan.com.tm\/index.php?rest_route=%2Fwp%2Fv2%2Fmedia&parent=85388"}],"wp:term":[{"taxonomy":"category","embeddable":true,"href":"https:\/\/zamanturkmenistan.com.tm\/index.php?rest_route=%2Fwp%2Fv2%2Fcategories&post=85388"},{"taxonomy":"post_tag","embeddable":true,"href":"https:\/\/zamanturkmenistan.com.tm\/index.php?rest_route=%2Fwp%2Fv2%2Ftags&post=85388"}],"curies":[{"name":"wp","href":"https:\/\/api.w.org\/{rel}","templated":true}]}}