{"id":85392,"date":"2023-08-28T08:38:21","date_gmt":"2023-08-28T03:38:21","guid":{"rendered":"https:\/\/zamanturkmenistan.com.tm\/?p=85392"},"modified":"2023-08-27T14:45:00","modified_gmt":"2023-08-27T09:45:00","slug":"iogann-wolfgang-gyote-dunya-indi","status":"publish","type":"post","link":"https:\/\/zamanturkmenistan.com.tm\/?p=85392","title":{"rendered":"Iogann Wolfgang G\u00fdote d\u00fcn\u00fd\u00e4 indi"},"content":{"rendered":"<p>1749-njy \u00fdy\u00adly\u0148 28-nji aw\u00adgus\u00adtyn\u00adda ne\u00admes \u015fa\u00adhy\u00adry, ro\u00adman\u00ad\u00e7y\u00adsy, dra\u00adma\u00adtur\u00adgy, te\u00adbi\u00adga\u00adty \u00f6w\u00adre\u00adni\u00adji Io\u00adgann Wolf\u00adgang G\u00fdo\u00adte Frank\u00adfurt\u00adda d\u00fcn\u00ad\u00fd\u00e4 in\u00ad\u00fd\u00e4r. Ol d\u00fcr\u00adli \u00fdyl\u00adlar\u00adda Le\u00fdp\u00adsig\u00adde we Stras\u00adburg\u00adda okap, hu\u00adkuk we be\u00fd\u00adle\u00adki ugur\u00adlar\u00addan bi\u00adlim al\u00ad\u00fdar. \u201cFaust\u201d at\u00adly bel\u00adli ese\u00adri bi\u00adlen ta\u00adnal\u00ad\u00fdan \u00fda\u00adzy\u00adjy d\u00f6\u00adre\u00addi\u00adji\u00adlik i\u015fi\u00adne Stras\u00adburg\u00adda ba\u015f\u00adlan\u00ad\u00fdar. Onu\u0148 \u015fyg\u00adry\u00ad\u00fdet we kys\u00adsa g\u00f6r\u00adn\u00fc\u00ad\u015fin\u00adde \u00fda\u00adzan eser\u00adle\u00adri nemes we d\u00fcn\u00ad\u00fd\u00e4 edebi\u00fdatyna uly go\u015fant go\u015f\u00fdar. \u015eahyry\u0148 eserleri d\u00fcrli dil\u00adle\u00adre ter\u00adji\u00adme edil\u00ad\u00fd\u00e4r.<\/p>\n","protected":false},"excerpt":{"rendered":"<p>1749-njy \u00fdy\u00adly\u0148 28-nji aw\u00adgus\u00adtyn\u00adda ne\u00admes \u015fa\u00adhy\u00adry, ro\u00adman\u00ad\u00e7y\u00adsy, dra\u00adma\u00adtur\u00adgy, te\u00adbi\u00adga\u00adty \u00f6w\u00adre\u00adni\u00adji Io\u00adgann Wolf\u00adgang G\u00fdo\u00adte Frank\u00adfurt\u00adda d\u00fcn\u00ad\u00fd\u00e4 in\u00ad\u00fd\u00e4r. Ol d\u00fcr\u00adli \u00fdyl\u00adlar\u00adda Le\u00fdp\u00adsig\u00adde we Stras\u00adburg\u00adda okap, hu\u00adkuk we be\u00fd\u00adle\u00adki ugur\u00adlar\u00addan bi\u00adlim al\u00ad\u00fdar. \u201cFaust\u201d at\u00adly bel\u00adli ese\u00adri bi\u00adlen ta\u00adnal\u00ad\u00fdan \u00fda\u00adzy\u00adjy d\u00f6\u00adre\u00addi\u00adji\u00adlik i\u015fi\u00adne Stras\u00adburg\u00adda ba\u015f\u00adlan\u00ad\u00fdar. Onu\u0148 \u015fyg\u00adry\u00ad\u00fdet we kys\u00adsa g\u00f6r\u00adn\u00fc\u00ad\u015fin\u00adde \u00fda\u00adzan eser\u00adle\u00adri nemes we d\u00fcn\u00ad\u00fd\u00e4 edebi\u00fdatyna uly go\u015fant go\u015f\u00fdar. \u015eahyry\u0148 [&hellip;]<\/p>\n","protected":false},"author":2,"featured_media":85393,"comment_status":"open","ping_status":"closed","sticky":false,"template":"","format":"standard","meta":{"footnotes":""},"categories":[402],"tags":[],"acf":[],"_links":{"self":[{"href":"https:\/\/zamanturkmenistan.com.tm\/index.php?rest_route=\/wp\/v2\/posts\/85392"}],"collection":[{"href":"https:\/\/zamanturkmenistan.com.tm\/index.php?rest_route=\/wp\/v2\/posts"}],"about":[{"href":"https:\/\/zamanturkmenistan.com.tm\/index.php?rest_route=\/wp\/v2\/types\/post"}],"author":[{"embeddable":true,"href":"https:\/\/zamanturkmenistan.com.tm\/index.php?rest_route=\/wp\/v2\/users\/2"}],"replies":[{"embeddable":true,"href":"https:\/\/zamanturkmenistan.com.tm\/index.php?rest_route=%2Fwp%2Fv2%2Fcomments&post=85392"}],"version-history":[{"count":1,"href":"https:\/\/zamanturkmenistan.com.tm\/index.php?rest_route=\/wp\/v2\/posts\/85392\/revisions"}],"predecessor-version":[{"id":85394,"href":"https:\/\/zamanturkmenistan.com.tm\/index.php?rest_route=\/wp\/v2\/posts\/85392\/revisions\/85394"}],"wp:featuredmedia":[{"embeddable":true,"href":"https:\/\/zamanturkmenistan.com.tm\/index.php?rest_route=\/wp\/v2\/media\/85393"}],"wp:attachment":[{"href":"https:\/\/zamanturkmenistan.com.tm\/index.php?rest_route=%2Fwp%2Fv2%2Fmedia&parent=85392"}],"wp:term":[{"taxonomy":"category","embeddable":true,"href":"https:\/\/zamanturkmenistan.com.tm\/index.php?rest_route=%2Fwp%2Fv2%2Fcategories&post=85392"},{"taxonomy":"post_tag","embeddable":true,"href":"https:\/\/zamanturkmenistan.com.tm\/index.php?rest_route=%2Fwp%2Fv2%2Ftags&post=85392"}],"curies":[{"name":"wp","href":"https:\/\/api.w.org\/{rel}","templated":true}]}}