{"id":85400,"date":"2023-08-28T09:42:05","date_gmt":"2023-08-28T04:42:05","guid":{"rendered":"https:\/\/zamanturkmenistan.com.tm\/?p=85400"},"modified":"2023-08-28T09:42:05","modified_gmt":"2023-08-28T04:42:05","slug":"ahalteke-atlary-parahatcylygyn-ilcileri-atly-yunesko-kluby-dorediler","status":"publish","type":"post","link":"https:\/\/zamanturkmenistan.com.tm\/?p=85400","title":{"rendered":"\u00abAhalteke atlary \u2013 parahat\u00e7ylygy\u0148 il\u00e7ileri\u00bb atly \u00ddUNESKO kluby d\u00f6rediler"},"content":{"rendered":"<p>26-njy aw\u00adgust\u00adda T\u00fcrk\u00adme\u00adnis\u00adta\u00adny\u0148 Mi\u00adnistr\u00adler Ka\u00adbi\u00adne\u00adti\u00adni\u0148 Ba\u015f\u00adly\u00adgy\u00adny\u0148 Orun\u00adba\u00adsa\u00adry, Da\u00ad\u015fa\u00adry i\u015f\u00adler mi\u00adnist\u00adri R.Me\u00adre\u00addo\u00adwy\u0148 \u00fdol\u00adba\u015f\u00ad\u00e7y\u00adly\u00adgyn\u00adda \u00ddU\u00adNES\u00adKO-ny\u0148 i\u015f\u00adle\u00adri ba\u00adra\u00adda T\u00fcrk\u00adme\u00adnis\u00adta\u00adny\u0148 Mil\u00adli to\u00adpa\u00adry\u00adny\u0148 no\u00adbat\u00adda\u00adky mej\u00adli\u00adsi ge\u00ad\u00e7i\u00adril\u00addi.<br \/>\nDu\u00ad\u015fu\u00ad\u015fy\u00adga T\u00fcrk\u00adme\u00adnis\u00adta\u00adny\u0148 Mi\u00adnistr\u00adler Ka\u00adbi\u00adne\u00adti\u00adni\u0148 \u00ddU\u00adNES\u00adKO-ny\u0148 i\u015f\u00adle\u00adri ba\u00adra\u00adda jo\u00adgap\u00adk\u00e4r ag\u00adza\u00adla\u00adry, de\u00adgi\u015f\u00adli mi\u00adnistr\u00adlik\u00adle\u00adri\u0148, pu\u00addak\u00adla\u00ad\u00fdyn eda\u00adra\u00adla\u00adry\u00adny\u0148, jem\u00adgy\u00ad\u00fdet\u00ad\u00e7i\u00adlik gu\u00adra\u00adma\u00adla\u00adry\u00adny\u0148 \u00fdol\u00adba\u015f\u00ad\u00e7y\u00adla\u00adry we we\u00adkil\u00adle\u00adri hem-de \u00ddU\u00adNES\u00adKO-ny\u0148 i\u015f\u00adle\u00adri ba\u00adra\u00adda T\u00fcrk\u00adme\u00adnis\u00adta\u00adny\u0148 Mil\u00adli to\u00adpa\u00adry\u00adny\u0148 jo\u00adgap\u00adk\u00e4r sek\u00adre\u00adta\u00adry gat\u00adna\u015f\u00addy\u00adlar.<br \/>\nMej\u00adli\u00adsi\u0148 g\u00fcn ter\u00adti\u00adbi\u00adni\u0148 \u00e7\u00e4k\u00adle\u00adrin\u00adde T\u00fcrk\u00adme\u00adnis\u00adta\u00adny\u0148 Mag\u00adtym\u00adgu\u00adly adyn\u00adda\u00adky \u00fda\u015f\u00adlar gu\u00adra\u00adma\u00adsy\u00adny\u0148 \u00ddU\u00adNES\u00adKO-ny\u0148 B\u00fc\u00adtin\u00add\u00fcn\u00ad\u00fd\u00e4 \u00fda\u015f\u00adlar jem\u00adgy\u00ad\u00fde\u00adti\u00adne go\u00ad\u015ful\u00adma\u00adgy bi\u00adlen bag\u00adly, hem-de Aba An\u00adna\u00ad\u00fdew adyn\u00adda\u00adky Hal\u00adka\u00adra at\u00ad\u00e7y\u00adlyk aka\u00adde\u00admi\u00ad\u00fda\u00adsyn\u00adda \u00abAhal\u00adte\u00adke at\u00adla\u00adry \u2013 pa\u00adra\u00adhat\u00ad\u00e7y\u00adly\u00adgy\u0148 il\u00ad\u00e7i\u00adle\u00adri\u00bb at\u00adly \u00ddU\u00adNES\u00adKO klu\u00adby\u00adny d\u00f6\u00adret\u00admek bo\u00ad\u00fdun\u00ad\u00e7a \u00f6\u0148\u00adde du\u00adran, ama\u00adla a\u015fy\u00adryl\u00adma\u00adly i\u015f\u00adler ba\u00adra\u00adda ha\u00adsa\u00adbat\u00adlar di\u0148\u00adle\u00adnil\u00addi.<br \/>\nMej\u00adli\u00adse gat\u00adna\u00ad\u015fy\u00adjy\u00adlar Aba An\u00adna\u00ad\u00fdew adyn\u00adda\u00adky Hal\u00adka\u00adra at\u00ad\u00e7y\u00adlyk aka\u00adde\u00admi\u00ad\u00fda\u00adsyn\u00adda \u00abAhal\u00adte\u00adke at\u00adla\u00adry \u2013 pa\u00adra\u00adhat\u00ad\u00e7y\u00adly\u00adgy\u0148 il\u00ad\u00e7i\u00adle\u00adri\u00bb at\u00adly \u00ddU\u00adNES\u00adKO klu\u00adby\u00adny d\u00f6\u00adret\u00admek bi\u00adzi\u0148 \u00fdur\u00addu\u00admy\u00adzy\u0148 \u00abAhal\u00adte\u00adke at\u00ad\u00e7y\u00adlyk sun\u00adga\u00adty we at\u00adla\u00adry be\u00adze\u00admek d\u00e4p\u00adle\u00adri\u00bb at\u00adly mil\u00adli h\u00f6\u00add\u00fcr\u00adna\u00adma\u00admy\u00adzy\u0148 bi\u00adzi\u0148 \u00fdur\u00addu\u00admy\u00adzy\u0148 \u00ddU\u00adNES\u00adKO-ny\u0148 Adam\u00adza\u00addy\u0148 mad\u00addy d\u00e4l me\u00adde\u00adni mi\u00adra\u00adsy\u00adny\u0148 sa\u00adna\u00adwy\u00adna gi\u00adri\u00adzil\u00adme\u00adgi ug\u00adrun\u00adda ama\u00adla a\u015fyr\u00ad\u00fdan i\u015f\u00adle\u00adri\u00adni\u0148 lo\u00adgi\u00adki do\u00adwa\u00admy bo\u00adlar di\u00ad\u00fdip bel\u00adl\u00e4p ge\u00e7\u00addi\u00adler.<br \/>\n\u015ee\u00fd\u00adle-de, mej\u00adlis\u00adde \u00abT\u00fcrk\u00adme\u00adnis\u00adta\u00adny\u0148 \u00fda\u015f\u00adla\u00adry\u00adny\u0148 hal\u00adka\u00adra hyz\u00admat\u00adda\u015f\u00adly\u00adgy\u00adny\u0148 2023-2030-njy \u00fdyl\u00adlar \u00fc\u00e7in Stra\u00adte\u00adgi\u00ad\u00fda\u00adsyn\u00adda\u00bb kes\u00adgit\u00adle\u00adnen ugur\u00adla\u00adry\u0148 \u00ddU\u00adNES\u00adKO-ny\u0148 B\u00fc\u00adtin\u00add\u00fcn\u00ad\u00fd\u00e4 \u00fda\u015f\u00adlar jem\u00adgy\u00ad\u00fde\u00adti bi\u00adlen i\u015f\u00adje\u0148 hyz\u00admat\u00adda\u015f\u00adly\u00adgy\u0148 \u00e7\u00e4k\u00adle\u00adrin\u00adde ama\u00adla a\u015fy\u00adryl\u00adma\u00adly i\u015f\u00adler ba\u00adra\u00adda du\u00adrup ge\u00ad\u00e7il\u00addi.<\/p>\n","protected":false},"excerpt":{"rendered":"<p>26-njy aw\u00adgust\u00adda T\u00fcrk\u00adme\u00adnis\u00adta\u00adny\u0148 Mi\u00adnistr\u00adler Ka\u00adbi\u00adne\u00adti\u00adni\u0148 Ba\u015f\u00adly\u00adgy\u00adny\u0148 Orun\u00adba\u00adsa\u00adry, Da\u00ad\u015fa\u00adry i\u015f\u00adler mi\u00adnist\u00adri R.Me\u00adre\u00addo\u00adwy\u0148 \u00fdol\u00adba\u015f\u00ad\u00e7y\u00adly\u00adgyn\u00adda \u00ddU\u00adNES\u00adKO-ny\u0148 i\u015f\u00adle\u00adri ba\u00adra\u00adda T\u00fcrk\u00adme\u00adnis\u00adta\u00adny\u0148 Mil\u00adli to\u00adpa\u00adry\u00adny\u0148 no\u00adbat\u00adda\u00adky mej\u00adli\u00adsi ge\u00ad\u00e7i\u00adril\u00addi. Du\u00ad\u015fu\u00ad\u015fy\u00adga T\u00fcrk\u00adme\u00adnis\u00adta\u00adny\u0148 Mi\u00adnistr\u00adler Ka\u00adbi\u00adne\u00adti\u00adni\u0148 \u00ddU\u00adNES\u00adKO-ny\u0148 i\u015f\u00adle\u00adri ba\u00adra\u00adda jo\u00adgap\u00adk\u00e4r ag\u00adza\u00adla\u00adry, de\u00adgi\u015f\u00adli mi\u00adnistr\u00adlik\u00adle\u00adri\u0148, pu\u00addak\u00adla\u00ad\u00fdyn eda\u00adra\u00adla\u00adry\u00adny\u0148, jem\u00adgy\u00ad\u00fdet\u00ad\u00e7i\u00adlik gu\u00adra\u00adma\u00adla\u00adry\u00adny\u0148 \u00fdol\u00adba\u015f\u00ad\u00e7y\u00adla\u00adry we we\u00adkil\u00adle\u00adri hem-de \u00ddU\u00adNES\u00adKO-ny\u0148 i\u015f\u00adle\u00adri ba\u00adra\u00adda T\u00fcrk\u00adme\u00adnis\u00adta\u00adny\u0148 Mil\u00adli to\u00adpa\u00adry\u00adny\u0148 jo\u00adgap\u00adk\u00e4r sek\u00adre\u00adta\u00adry gat\u00adna\u015f\u00addy\u00adlar. Mej\u00adli\u00adsi\u0148 g\u00fcn ter\u00adti\u00adbi\u00adni\u0148 \u00e7\u00e4k\u00adle\u00adrin\u00adde T\u00fcrk\u00adme\u00adnis\u00adta\u00adny\u0148 Mag\u00adtym\u00adgu\u00adly [&hellip;]<\/p>\n","protected":false},"author":2,"featured_media":85401,"comment_status":"open","ping_status":"closed","sticky":false,"template":"","format":"standard","meta":{"footnotes":""},"categories":[3],"tags":[],"acf":[],"_links":{"self":[{"href":"https:\/\/zamanturkmenistan.com.tm\/index.php?rest_route=\/wp\/v2\/posts\/85400"}],"collection":[{"href":"https:\/\/zamanturkmenistan.com.tm\/index.php?rest_route=\/wp\/v2\/posts"}],"about":[{"href":"https:\/\/zamanturkmenistan.com.tm\/index.php?rest_route=\/wp\/v2\/types\/post"}],"author":[{"embeddable":true,"href":"https:\/\/zamanturkmenistan.com.tm\/index.php?rest_route=\/wp\/v2\/users\/2"}],"replies":[{"embeddable":true,"href":"https:\/\/zamanturkmenistan.com.tm\/index.php?rest_route=%2Fwp%2Fv2%2Fcomments&post=85400"}],"version-history":[{"count":1,"href":"https:\/\/zamanturkmenistan.com.tm\/index.php?rest_route=\/wp\/v2\/posts\/85400\/revisions"}],"predecessor-version":[{"id":85402,"href":"https:\/\/zamanturkmenistan.com.tm\/index.php?rest_route=\/wp\/v2\/posts\/85400\/revisions\/85402"}],"wp:featuredmedia":[{"embeddable":true,"href":"https:\/\/zamanturkmenistan.com.tm\/index.php?rest_route=\/wp\/v2\/media\/85401"}],"wp:attachment":[{"href":"https:\/\/zamanturkmenistan.com.tm\/index.php?rest_route=%2Fwp%2Fv2%2Fmedia&parent=85400"}],"wp:term":[{"taxonomy":"category","embeddable":true,"href":"https:\/\/zamanturkmenistan.com.tm\/index.php?rest_route=%2Fwp%2Fv2%2Fcategories&post=85400"},{"taxonomy":"post_tag","embeddable":true,"href":"https:\/\/zamanturkmenistan.com.tm\/index.php?rest_route=%2Fwp%2Fv2%2Ftags&post=85400"}],"curies":[{"name":"wp","href":"https:\/\/api.w.org\/{rel}","templated":true}]}}