{"id":85437,"date":"2023-08-28T16:24:48","date_gmt":"2023-08-28T11:24:48","guid":{"rendered":"https:\/\/zamanturkmenistan.com.tm\/?p=85437"},"modified":"2023-08-28T16:24:48","modified_gmt":"2023-08-28T11:24:48","slug":"space-x-in-astronawtlary-halkara-kosmos-bekedine-bardylar","status":"publish","type":"post","link":"https:\/\/zamanturkmenistan.com.tm\/?p=85437","title":{"rendered":"\u201cSpace X\u201d-i\u0148 astronawtlary halkara kosmos bekedine bardylar"},"content":{"rendered":"<p>26-njy aw\u00adgust\u00adda bor\u00adtun\u00adda d\u00f6rt ast\u00adro\u00adnawt bo\u00adlan \u201cCrew-7\u201d kos\u00admos g\u00e4\u00admi\u00adsi\u00adni\u0148 Hal\u00adka\u00adra kos\u00admos be\u00adke\u00addi\u00adne bi\u00adri\u00adgen\u00addi\u00adgi m\u00e4\u00adlim edil\u00addi. D\u00fcr\u00adli \u00fdurt\u00adlar\u00addan bo\u00adlan d\u00f6rt ast\u00adro\u00adnawt kos\u00admos be\u00adke\u00addi\u00adne bar\u00admak \u00fc\u00e7in bir gi\u00adje-g\u00fcn\u00addiz \u00fdol ge\u00e7\u00addi\u00adler.<br \/>\n\u201cSpace X\u201d kom\u00adpa\u00adni\u00ad\u00fda\u00adsy bi\u00adlen NA\u00adSA-ny\u0148 hyz\u00admat\u00adda\u015f\u00adly\u00adgy\u00adny\u0148 \u00e7\u00e4k\u00adle\u00adrin\u00adde \u201cFalcon 9\u201d at\u00adly ra\u00adke\u00adta Hal\u00adka\u00adra kos\u00admos be\u00adke\u00addi\u00adne NA\u00adSA-dan Jas\u00admin Mog\u00adbe\u00adli (ser\u00adker\u00adde), \u00ddew\u00adro\u00adpa Kos\u00admos agent\u00adli\u00adgin\u00adden (ESA), da\u00adni\u00ad\u00fda\u00adly And\u00adre\u00adas Mo\u00adgen\u00adsen, \u00dda\u00adpo\u00adni\u00ad\u00fda Awia\u00adsi\u00ad\u00fda we kos\u00admos g\u00f6z\u00adleg agent\u00adli\u00adgin\u00adden (JAXA) Sa\u00adto\u00ad\u015fi Fu\u00adru\u00adka\u00adwa we Rus\u00adsi\u00ad\u00fda\u00adny\u0148 Fe\u00adde\u00adral kos\u00admos agent\u00adli\u00adgin\u00adden (\u201cRos\u00adkos\u00admos\u201d) Kons\u00adtan\u00adtin Bo\u00adri\u00adsow <a href=\"https:\/\/zamanturkmenistan.com.tm\/dort-astronawt-halkara-kosmos-bekedine-iberildi\/\">ibe\u00adri\u00adlip\u00addi<\/a>.<br \/>\nAst\u00adro\u00adnawt\u00adlar Hal\u00adka\u00adra kos\u00admos be\u00adke\u00addin\u00adde 190 g\u00fcn bo\u00adlar\u00adlar. Olar b\u00e4\u015f g\u00fc\u00adn\u00fc\u0148 do\u00adwa\u00admyn\u00adda mart a\u00fdyn\u00addan b\u00e4\u00adri kos\u00admos be\u00adke\u00addin\u00adde i\u015f alyp bar\u00ad\u00fdan \u201cCrew-6\u201d kos\u00admos g\u00e4\u00admi\u00adsi\u00adni\u0148 eki\u00adpa\u00ad\u017eyn\u00addan no\u00adba\u00adty ka\u00adbul edip alar\u00adlar.<\/p>\n","protected":false},"excerpt":{"rendered":"<p>26-njy aw\u00adgust\u00adda bor\u00adtun\u00adda d\u00f6rt ast\u00adro\u00adnawt bo\u00adlan \u201cCrew-7\u201d kos\u00admos g\u00e4\u00admi\u00adsi\u00adni\u0148 Hal\u00adka\u00adra kos\u00admos be\u00adke\u00addi\u00adne bi\u00adri\u00adgen\u00addi\u00adgi m\u00e4\u00adlim edil\u00addi. D\u00fcr\u00adli \u00fdurt\u00adlar\u00addan bo\u00adlan d\u00f6rt ast\u00adro\u00adnawt kos\u00admos be\u00adke\u00addi\u00adne bar\u00admak \u00fc\u00e7in bir gi\u00adje-g\u00fcn\u00addiz \u00fdol ge\u00e7\u00addi\u00adler. \u201cSpace X\u201d kom\u00adpa\u00adni\u00ad\u00fda\u00adsy bi\u00adlen NA\u00adSA-ny\u0148 hyz\u00admat\u00adda\u015f\u00adly\u00adgy\u00adny\u0148 \u00e7\u00e4k\u00adle\u00adrin\u00adde \u201cFalcon 9\u201d at\u00adly ra\u00adke\u00adta Hal\u00adka\u00adra kos\u00admos be\u00adke\u00addi\u00adne NA\u00adSA-dan Jas\u00admin Mog\u00adbe\u00adli (ser\u00adker\u00adde), \u00ddew\u00adro\u00adpa Kos\u00admos agent\u00adli\u00adgin\u00adden (ESA), da\u00adni\u00ad\u00fda\u00adly And\u00adre\u00adas Mo\u00adgen\u00adsen, \u00dda\u00adpo\u00adni\u00ad\u00fda Awia\u00adsi\u00ad\u00fda [&hellip;]<\/p>\n","protected":false},"author":2,"featured_media":85440,"comment_status":"open","ping_status":"closed","sticky":false,"template":"","format":"standard","meta":{"footnotes":""},"categories":[5],"tags":[],"acf":[],"_links":{"self":[{"href":"https:\/\/zamanturkmenistan.com.tm\/index.php?rest_route=\/wp\/v2\/posts\/85437"}],"collection":[{"href":"https:\/\/zamanturkmenistan.com.tm\/index.php?rest_route=\/wp\/v2\/posts"}],"about":[{"href":"https:\/\/zamanturkmenistan.com.tm\/index.php?rest_route=\/wp\/v2\/types\/post"}],"author":[{"embeddable":true,"href":"https:\/\/zamanturkmenistan.com.tm\/index.php?rest_route=\/wp\/v2\/users\/2"}],"replies":[{"embeddable":true,"href":"https:\/\/zamanturkmenistan.com.tm\/index.php?rest_route=%2Fwp%2Fv2%2Fcomments&post=85437"}],"version-history":[{"count":1,"href":"https:\/\/zamanturkmenistan.com.tm\/index.php?rest_route=\/wp\/v2\/posts\/85437\/revisions"}],"predecessor-version":[{"id":85441,"href":"https:\/\/zamanturkmenistan.com.tm\/index.php?rest_route=\/wp\/v2\/posts\/85437\/revisions\/85441"}],"wp:featuredmedia":[{"embeddable":true,"href":"https:\/\/zamanturkmenistan.com.tm\/index.php?rest_route=\/wp\/v2\/media\/85440"}],"wp:attachment":[{"href":"https:\/\/zamanturkmenistan.com.tm\/index.php?rest_route=%2Fwp%2Fv2%2Fmedia&parent=85437"}],"wp:term":[{"taxonomy":"category","embeddable":true,"href":"https:\/\/zamanturkmenistan.com.tm\/index.php?rest_route=%2Fwp%2Fv2%2Fcategories&post=85437"},{"taxonomy":"post_tag","embeddable":true,"href":"https:\/\/zamanturkmenistan.com.tm\/index.php?rest_route=%2Fwp%2Fv2%2Ftags&post=85437"}],"curies":[{"name":"wp","href":"https:\/\/api.w.org\/{rel}","templated":true}]}}