{"id":85502,"date":"2023-08-29T11:11:33","date_gmt":"2023-08-29T06:11:33","guid":{"rendered":"https:\/\/zamanturkmenistan.com.tm\/?p=85502"},"modified":"2023-08-29T11:11:33","modified_gmt":"2023-08-29T06:11:33","slug":"meneksiz-ziraf-dunya-indi","status":"publish","type":"post","link":"https:\/\/zamanturkmenistan.com.tm\/?p=85502","title":{"rendered":"Meneksiz \u017eiraf d\u00fcn\u00fd\u00e4 indi"},"content":{"rendered":"<p>AB\u015e-ny\u0148 Tennessi \u015ftatyny\u0148 \u201cBrights\u201d ha\u00fdwanat bagynda \u00f6zbolu\u015fly \u017eiraf d\u00fcn\u00fd\u00e4 indi. Onda bu ha\u00fdwana mahsus tegmiller \u00fdok. H\u00e4zirki wagtda onu\u0148 bo\u00fdy 183 santimetr t\u00f6weregidir. T\u00e4ze doglan \u00e7aga \u017eirafa i\u0148 gowy la\u00fdyk gel\u00fd\u00e4n ady sa\u00fdlamak \u00fc\u00e7in b\u00e4sle\u015fik yglan edildi.<\/p>\n","protected":false},"excerpt":{"rendered":"<p>AB\u015e-ny\u0148 Tennessi \u015ftatyny\u0148 \u201cBrights\u201d ha\u00fdwanat bagynda \u00f6zbolu\u015fly \u017eiraf d\u00fcn\u00fd\u00e4 indi. Onda bu ha\u00fdwana mahsus tegmiller \u00fdok. H\u00e4zirki wagtda onu\u0148 bo\u00fdy 183 santimetr t\u00f6weregidir. T\u00e4ze doglan \u00e7aga \u017eirafa i\u0148 gowy la\u00fdyk gel\u00fd\u00e4n ady sa\u00fdlamak \u00fc\u00e7in b\u00e4sle\u015fik yglan edildi.<\/p>\n","protected":false},"author":2,"featured_media":85503,"comment_status":"open","ping_status":"closed","sticky":false,"template":"","format":"standard","meta":{"footnotes":""},"categories":[5],"tags":[],"acf":[],"_links":{"self":[{"href":"https:\/\/zamanturkmenistan.com.tm\/index.php?rest_route=\/wp\/v2\/posts\/85502"}],"collection":[{"href":"https:\/\/zamanturkmenistan.com.tm\/index.php?rest_route=\/wp\/v2\/posts"}],"about":[{"href":"https:\/\/zamanturkmenistan.com.tm\/index.php?rest_route=\/wp\/v2\/types\/post"}],"author":[{"embeddable":true,"href":"https:\/\/zamanturkmenistan.com.tm\/index.php?rest_route=\/wp\/v2\/users\/2"}],"replies":[{"embeddable":true,"href":"https:\/\/zamanturkmenistan.com.tm\/index.php?rest_route=%2Fwp%2Fv2%2Fcomments&post=85502"}],"version-history":[{"count":1,"href":"https:\/\/zamanturkmenistan.com.tm\/index.php?rest_route=\/wp\/v2\/posts\/85502\/revisions"}],"predecessor-version":[{"id":85504,"href":"https:\/\/zamanturkmenistan.com.tm\/index.php?rest_route=\/wp\/v2\/posts\/85502\/revisions\/85504"}],"wp:featuredmedia":[{"embeddable":true,"href":"https:\/\/zamanturkmenistan.com.tm\/index.php?rest_route=\/wp\/v2\/media\/85503"}],"wp:attachment":[{"href":"https:\/\/zamanturkmenistan.com.tm\/index.php?rest_route=%2Fwp%2Fv2%2Fmedia&parent=85502"}],"wp:term":[{"taxonomy":"category","embeddable":true,"href":"https:\/\/zamanturkmenistan.com.tm\/index.php?rest_route=%2Fwp%2Fv2%2Fcategories&post=85502"},{"taxonomy":"post_tag","embeddable":true,"href":"https:\/\/zamanturkmenistan.com.tm\/index.php?rest_route=%2Fwp%2Fv2%2Ftags&post=85502"}],"curies":[{"name":"wp","href":"https:\/\/api.w.org\/{rel}","templated":true}]}}