{"id":85513,"date":"2023-08-30T15:06:58","date_gmt":"2023-08-30T10:06:58","guid":{"rendered":"https:\/\/zamanturkmenistan.com.tm\/?p=85513"},"modified":"2023-08-30T15:08:02","modified_gmt":"2023-08-30T10:08:02","slug":"indi-guni-owrenmekci","status":"publish","type":"post","link":"https:\/\/zamanturkmenistan.com.tm\/?p=85513","title":{"rendered":"Hindistan G\u00fcni \u00f6wrenmek\u00e7i"},"content":{"rendered":"<p>Hin\u00addis\u00adta\u00adny\u0148 kos\u00admos bar\u00adlag\u00adla\u00adry gu\u00adra\u00adma\u00adsy (IS\u00adRO) \u00fdur\u00addu\u0148 il\u00adkin\u00adji \u201cAdi\u00adtya L-1\u201d at\u00adly G\u00fcn bar\u00adlag\u00adla\u00adry \u00fc\u00e7in ni\u00ad\u00fdet\u00adle\u00adnen stan\u00adsi\u00ad\u00fda\u00adsy\u00adny 2-nji sent\u00ad\u00fdabr\u00adda u\u00e7ur\u00adma\u00adgy me\u00ad\u00fdil\u00adle\u015f\u00addir\u00ad\u00fd\u00e4r.<br \/>\nU\u00e7u\u00adry\u015f \u00fder\u00adli wagt bi\u00adlen sa\u00adgat 11:50-de Sa\u00adti\u015f Dha\u00adwan kos\u00admos mer\u00adke\u00adzin\u00adden ama\u00adla a\u015fy\u00adry\u00adlar. Ol Ben\u00adgal a\u00fd\u00adla\u00adgyn\u00adda\u00adky \u015eri\u00adha\u00adri\u00adko\u00adta ada\u00adsyn\u00adda (Andh\u00adra Pra\u00adde\u015f) \u00fder\u00adle\u015f\u00ad\u00fd\u00e4r.<br \/>\nIS\u00adRO-ny\u0148 ha\u00adba\u00adry\u00adna g\u00f6\u00adr\u00e4, \u201cAdi\u00adtya L-1\u201d \u00dder\u00adden, tak\u00admy\u00adnan, 1,5 mil\u00adli\u00adon ki\u00adlo\u00admetr uzak\u00adlyk\u00adda\u00adky G\u00fcn-\u00dder ul\u00adga\u00admy\u00adny\u0148 Lag\u00adran\u00ad\u017ea L1 no\u00adka\u00addy se\u00adbi\u00adtin\u00add\u00e4\u00adki ga\u00adlo-or\u00adbi\u00adta \u00e7y\u00adka\u00adry\u00adlar. \u015ee\u00fd\u00adle \u00fdag\u00adda\u00fd\u00adda aw\u00adto\u00adma\u00adti\u00adki stan\u00adsi\u00ad\u00fda \u00dde\u00adre we G\u00fc\u00adne g\u00f6\u00adr\u00e4 he\u00adre\u00adket\u00adsiz bo\u00adlup bi\u00adler, bu bol\u00adsa Ku\u00ad\u00fda\u00ad\u015fy p\u00e4s\u00adgel\u00ad\u00e7i\u00adlik\u00adsiz syn\u00adla\u00adma\u00adgy m\u00fcm\u00adkin\u00ad\u00e7i\u00adlik d\u00f6\u00adre\u00adder. Bir\u00adn\u00e4\u00ad\u00e7e ge\u00adzek yza s\u00fc\u00fd\u00ad\u015f\u00fc\u00adri\u00adlen \u201cAdi\u00adtya L-1\u201d mis\u00adsi\u00ad\u00fda\u00adsy\u00adny\u0148 ba\u015f mak\u00adsa\u00addy G\u00fcn hal\u00adka\u00adsy\u00adny, hro\u00admos\u00adfe\u00adra\u00adny we G\u00fcn \u015f\u00f6h\u00adle\u00adle\u00adri\u00adni d\u00fcr\u00adli spektr\u00adler\u00adden \u00f6w\u00adren\u00admek\u00adden yba\u00adrat\u00addyr.<\/p>\n","protected":false},"excerpt":{"rendered":"<p>Hin\u00addis\u00adta\u00adny\u0148 kos\u00admos bar\u00adlag\u00adla\u00adry gu\u00adra\u00adma\u00adsy (IS\u00adRO) \u00fdur\u00addu\u0148 il\u00adkin\u00adji \u201cAdi\u00adtya L-1\u201d at\u00adly G\u00fcn bar\u00adlag\u00adla\u00adry \u00fc\u00e7in ni\u00ad\u00fdet\u00adle\u00adnen stan\u00adsi\u00ad\u00fda\u00adsy\u00adny 2-nji sent\u00ad\u00fdabr\u00adda u\u00e7ur\u00adma\u00adgy me\u00ad\u00fdil\u00adle\u015f\u00addir\u00ad\u00fd\u00e4r. U\u00e7u\u00adry\u015f \u00fder\u00adli wagt bi\u00adlen sa\u00adgat 11:50-de Sa\u00adti\u015f Dha\u00adwan kos\u00admos mer\u00adke\u00adzin\u00adden ama\u00adla a\u015fy\u00adry\u00adlar. Ol Ben\u00adgal a\u00fd\u00adla\u00adgyn\u00adda\u00adky \u015eri\u00adha\u00adri\u00adko\u00adta ada\u00adsyn\u00adda (Andh\u00adra Pra\u00adde\u015f) \u00fder\u00adle\u015f\u00ad\u00fd\u00e4r. IS\u00adRO-ny\u0148 ha\u00adba\u00adry\u00adna g\u00f6\u00adr\u00e4, \u201cAdi\u00adtya L-1\u201d \u00dder\u00adden, tak\u00admy\u00adnan, 1,5 mil\u00adli\u00adon ki\u00adlo\u00admetr uzak\u00adlyk\u00adda\u00adky G\u00fcn-\u00dder ul\u00adga\u00admy\u00adny\u0148 Lag\u00adran\u00ad\u017ea L1 no\u00adka\u00addy [&hellip;]<\/p>\n","protected":false},"author":2,"featured_media":85514,"comment_status":"open","ping_status":"closed","sticky":false,"template":"","format":"standard","meta":{"footnotes":""},"categories":[5],"tags":[],"acf":[],"_links":{"self":[{"href":"https:\/\/zamanturkmenistan.com.tm\/index.php?rest_route=\/wp\/v2\/posts\/85513"}],"collection":[{"href":"https:\/\/zamanturkmenistan.com.tm\/index.php?rest_route=\/wp\/v2\/posts"}],"about":[{"href":"https:\/\/zamanturkmenistan.com.tm\/index.php?rest_route=\/wp\/v2\/types\/post"}],"author":[{"embeddable":true,"href":"https:\/\/zamanturkmenistan.com.tm\/index.php?rest_route=\/wp\/v2\/users\/2"}],"replies":[{"embeddable":true,"href":"https:\/\/zamanturkmenistan.com.tm\/index.php?rest_route=%2Fwp%2Fv2%2Fcomments&post=85513"}],"version-history":[{"count":3,"href":"https:\/\/zamanturkmenistan.com.tm\/index.php?rest_route=\/wp\/v2\/posts\/85513\/revisions"}],"predecessor-version":[{"id":85610,"href":"https:\/\/zamanturkmenistan.com.tm\/index.php?rest_route=\/wp\/v2\/posts\/85513\/revisions\/85610"}],"wp:featuredmedia":[{"embeddable":true,"href":"https:\/\/zamanturkmenistan.com.tm\/index.php?rest_route=\/wp\/v2\/media\/85514"}],"wp:attachment":[{"href":"https:\/\/zamanturkmenistan.com.tm\/index.php?rest_route=%2Fwp%2Fv2%2Fmedia&parent=85513"}],"wp:term":[{"taxonomy":"category","embeddable":true,"href":"https:\/\/zamanturkmenistan.com.tm\/index.php?rest_route=%2Fwp%2Fv2%2Fcategories&post=85513"},{"taxonomy":"post_tag","embeddable":true,"href":"https:\/\/zamanturkmenistan.com.tm\/index.php?rest_route=%2Fwp%2Fv2%2Ftags&post=85513"}],"curies":[{"name":"wp","href":"https:\/\/api.w.org\/{rel}","templated":true}]}}