{"id":85519,"date":"2023-08-29T12:30:14","date_gmt":"2023-08-29T07:30:14","guid":{"rendered":"https:\/\/zamanturkmenistan.com.tm\/?p=85519"},"modified":"2023-08-29T12:30:14","modified_gmt":"2023-08-29T07:30:14","slug":"sweysariyada-gys-ir-geldi","status":"publish","type":"post","link":"https:\/\/zamanturkmenistan.com.tm\/?p=85519","title":{"rendered":"\u015ewe\u00fdsari\u00fdada gy\u015f ir geldi"},"content":{"rendered":"<p>\u015eu \u00fdyl b\u00fc\u00adtin d\u00fcn\u00ad\u00fd\u00e4\u00adde, \u015fol san\u00adda \u00ddew\u00adro\u00adpa \u00fdurt\u00adla\u00adryn\u00adda bir\u00adn\u00e4\u00ad\u00e7e ge\u00adzek ys\u00adsy ho\u00adwa re\u00adkord de\u00adre\u00adj\u00e4 \u00fdet\u00addi, gu\u00adrak\u00adlyk se\u00adb\u00e4p\u00adli der\u00ad\u00fda\u00adla\u00adry\u0148 we k\u00f6l\u00adle\u00adri\u0148 su\u00adwy azal\u00addy, halk su\u00adwy tyg\u00ad\u015fyt\u00adly ula\u00adnyl\u00adma\u00adga \u00e7a\u00adgy\u00adryl\u00addy. \u015ee\u00fd\u00adle-de bol\u00adsa \u015ewe\u00fd\u00adsa\u00adri\u00ad\u00fda\u00adny\u0148 Ser\u00admatt se\u00adbi\u00adtin\u00adde ho\u00adwa\u00adny\u0148 tem\u00adpe\u00adra\u00adtu\u00adra\u00adsy bir\u00adk\u00fc\u00e7 g\u00fcn\u00adde 30 de\u00adre\u00adje pe\u00adse\u00adlip, gar \u00fdag\u00addy. Bu \u00fdag\u00adda\u00fd \u00fder\u00adli \u00fda\u00ad\u015fa\u00fd\u00adjy\u00adla\u00adry ge\u0148 gal\u00addyr\u00addy. \u00ddur\u00addu\u0148 Fe\u00adde\u00adral me\u00adteo\u00adro\u00adlo\u00adgi\u00ad\u00fda we kli\u00adma\u00adto\u00adlo\u00adgi\u00ad\u00fda eda\u00adra\u00adsy (Me\u00adte\u00adoS\u00adwiss) de\u00ad\u0148iz de\u00adre\u00adje\u00adsin\u00adden 1638 metr be\u00adlent\u00adlik\u00add\u00e4\u00adki bu dag\u00adlyk se\u00adbit\u00adde gar \u00fda\u00adgan\u00addy\u00adgy\u00adny ha\u00adbar ber\u00addi. 24-nji aw\u00adgust g\u00fc\u00adni se\u00adbit\u00adde ter\u00admo\u00admetr\u00adler 31,2 de\u00adre\u00adj\u00e4\u00adni g\u00f6r\u00adke\u00adzip\u00addi. \u015eol g\u00fcn \u00fdurt\u00adda \u015fu \u00fdy\u00adly\u0148 i\u0148 ys\u00adsy g\u00fc\u00adni hem ha\u00adsa\u00adba al\u00adnyp\u00addy \u2013 pa\u00fd\u00adtagt \u017de\u00adne\u00adwa\u00adda ho\u00adwa\u00adny\u0148 tem\u00adpe\u00adra\u00adtu\u00adra\u00adsy 38 de\u00adre\u00adj\u00e4 \u00fde\u00adtip\u00addi. 28-nji aw\u00adgust g\u00fc\u00adni ir\u00adden bol\u00adsa ter\u00admo\u00admetr\u00adler 0,5 de\u00adre\u00adj\u00e4\u00adni g\u00f6r\u00adkez\u00addi. Me\u00adte\u00adoS\u00adwiss \u015ewe\u00fd\u00adsa\u00adri\u00ad\u00fda\u00adny\u0148 Alp dag\u00adla\u00adry\u00adny\u0148 2000-2400 metr be\u00adlent\u00adlik\u00add\u00e4\u00adki \u00fder\u00adle\u00adrin\u00adde ga\u00adry\u0148 we \u00fdag\u00ad\u015fy\u0148 \u00fda\u00adgyp bil\u00adjek\u00addi\u00adgi\u00adni ha\u00adbar ber\u00addi.<br \/>\n\u00ddur\u00addu\u0148 g\u00fc\u00adnor\u00adta\u00adsyn\u00adda\u00adky Ti\u00ad\u00e7i\u00adno kan\u00adto\u00adnyn\u00adda bol\u00adsa, ge\u00ad\u00e7en hep\u00add\u00e4\u00adni\u0148 ahy\u00adryn\u00addan b\u00e4\u00adri g\u00fc\u00fd\u00e7\u00adli \u00fda\u00adgyn \u00fdag\u00addy. \u00ddur\u00addu\u0148 b\u00fc\u00adtin \u00e7\u00e4\u00adgin\u00adde \u00fda\u00adgy\u015f \u00fdag\u00adma\u00adgy\u00adna ga\u00adra\u00ad\u015fyl\u00ad\u00fdan\u00addy\u00adgy m\u00e4\u00adlim edil\u00addi.<\/p>\n","protected":false},"excerpt":{"rendered":"<p>\u015eu \u00fdyl b\u00fc\u00adtin d\u00fcn\u00ad\u00fd\u00e4\u00adde, \u015fol san\u00adda \u00ddew\u00adro\u00adpa \u00fdurt\u00adla\u00adryn\u00adda bir\u00adn\u00e4\u00ad\u00e7e ge\u00adzek ys\u00adsy ho\u00adwa re\u00adkord de\u00adre\u00adj\u00e4 \u00fdet\u00addi, gu\u00adrak\u00adlyk se\u00adb\u00e4p\u00adli der\u00ad\u00fda\u00adla\u00adry\u0148 we k\u00f6l\u00adle\u00adri\u0148 su\u00adwy azal\u00addy, halk su\u00adwy tyg\u00ad\u015fyt\u00adly ula\u00adnyl\u00adma\u00adga \u00e7a\u00adgy\u00adryl\u00addy. \u015ee\u00fd\u00adle-de bol\u00adsa \u015ewe\u00fd\u00adsa\u00adri\u00ad\u00fda\u00adny\u0148 Ser\u00admatt se\u00adbi\u00adtin\u00adde ho\u00adwa\u00adny\u0148 tem\u00adpe\u00adra\u00adtu\u00adra\u00adsy bir\u00adk\u00fc\u00e7 g\u00fcn\u00adde 30 de\u00adre\u00adje pe\u00adse\u00adlip, gar \u00fdag\u00addy. Bu \u00fdag\u00adda\u00fd \u00fder\u00adli \u00fda\u00ad\u015fa\u00fd\u00adjy\u00adla\u00adry ge\u0148 gal\u00addyr\u00addy. \u00ddur\u00addu\u0148 Fe\u00adde\u00adral me\u00adteo\u00adro\u00adlo\u00adgi\u00ad\u00fda we kli\u00adma\u00adto\u00adlo\u00adgi\u00ad\u00fda eda\u00adra\u00adsy (Me\u00adte\u00adoS\u00adwiss) de\u00ad\u0148iz [&hellip;]<\/p>\n","protected":false},"author":2,"featured_media":85523,"comment_status":"open","ping_status":"closed","sticky":false,"template":"","format":"standard","meta":{"footnotes":""},"categories":[5],"tags":[],"acf":[],"_links":{"self":[{"href":"https:\/\/zamanturkmenistan.com.tm\/index.php?rest_route=\/wp\/v2\/posts\/85519"}],"collection":[{"href":"https:\/\/zamanturkmenistan.com.tm\/index.php?rest_route=\/wp\/v2\/posts"}],"about":[{"href":"https:\/\/zamanturkmenistan.com.tm\/index.php?rest_route=\/wp\/v2\/types\/post"}],"author":[{"embeddable":true,"href":"https:\/\/zamanturkmenistan.com.tm\/index.php?rest_route=\/wp\/v2\/users\/2"}],"replies":[{"embeddable":true,"href":"https:\/\/zamanturkmenistan.com.tm\/index.php?rest_route=%2Fwp%2Fv2%2Fcomments&post=85519"}],"version-history":[{"count":1,"href":"https:\/\/zamanturkmenistan.com.tm\/index.php?rest_route=\/wp\/v2\/posts\/85519\/revisions"}],"predecessor-version":[{"id":85524,"href":"https:\/\/zamanturkmenistan.com.tm\/index.php?rest_route=\/wp\/v2\/posts\/85519\/revisions\/85524"}],"wp:featuredmedia":[{"embeddable":true,"href":"https:\/\/zamanturkmenistan.com.tm\/index.php?rest_route=\/wp\/v2\/media\/85523"}],"wp:attachment":[{"href":"https:\/\/zamanturkmenistan.com.tm\/index.php?rest_route=%2Fwp%2Fv2%2Fmedia&parent=85519"}],"wp:term":[{"taxonomy":"category","embeddable":true,"href":"https:\/\/zamanturkmenistan.com.tm\/index.php?rest_route=%2Fwp%2Fv2%2Fcategories&post=85519"},{"taxonomy":"post_tag","embeddable":true,"href":"https:\/\/zamanturkmenistan.com.tm\/index.php?rest_route=%2Fwp%2Fv2%2Ftags&post=85519"}],"curies":[{"name":"wp","href":"https:\/\/api.w.org\/{rel}","templated":true}]}}