{"id":86272,"date":"2024-09-07T08:19:59","date_gmt":"2024-09-07T03:19:59","guid":{"rendered":"https:\/\/zamanturkmenistan.com.tm\/?p=86272"},"modified":"2024-09-07T08:34:45","modified_gmt":"2024-09-07T03:34:45","slug":"braziliyanyn-garassyzlygy-yglan-edilyar","status":"publish","type":"post","link":"https:\/\/zamanturkmenistan.com.tm\/?p=86272","title":{"rendered":"Brazili\u00fdany\u0148 gara\u015fsyzlygy yglan edil\u00fd\u00e4r"},"content":{"rendered":"<p>1822-nji \u00fdy\u00adly\u0148 7-nji sent\u00ad\u00fdab\u00adryn\u00adda Bra\u00adzi\u00adli\u00ad\u00fda\u00adny\u0148 Ga\u00adra\u015f\u00adsyz\u00adly\u00adgy yg\u00adlan edil\u00ad\u00fd\u00e4r. \u015eol g\u00fcn \u00fdur\u00addu\u0148 il\u00adkin\u00adji Im\u00adpe\u00adra\u00adto\u00adry San Ped\u00adru San-Pau\u00adlu\u00adny\u0148 go\u00adla\u00ad\u00fdyn\u00adda Bra\u00adzi\u00adli\u00ad\u00fda im\u00adpe\u00adri\u00ad\u00fda\u00adsy\u00adny\u0148 esas\u00adlan\u00addy\u00adry\u00adlan\u00addy\u00adgy\u00adny m\u00e4\u00adlim ed\u00ad\u00fd\u00e4r. H\u00e4\u00adzir\u00adki wagt\u00adda 2003-mil\u00adli\u00adon t\u00f6\u00adwe\u00adre\u00adgi ila\u00adty bo\u00adlan Bra\u00adzi\u00adli\u00ad\u00fda 1889-njy \u00fdyl\u00adda Res\u00adpub\u00adli\u00adka bol\u00ad\u00fdar. La\u00adtyn Ame\u00adri\u00adka\u00adsy\u00adny\u0148 por\u00adtu\u00adgal dil\u00adli \u00fde\u00adke-t\u00e4k d\u00f6w\u00adle\u00adti bo\u00adlan Bra\u00adzi\u00adli\u00ad\u00fda\u00adda se\u00adbit\u00adle\u00ad\u00fdin yk\u00adrar edi\u00adlen 21 dil bar.<\/p>\n","protected":false},"excerpt":{"rendered":"<p>1822-nji \u00fdy\u00adly\u0148 7-nji sent\u00ad\u00fdab\u00adryn\u00adda Bra\u00adzi\u00adli\u00ad\u00fda\u00adny\u0148 Ga\u00adra\u015f\u00adsyz\u00adly\u00adgy yg\u00adlan edil\u00ad\u00fd\u00e4r. \u015eol g\u00fcn \u00fdur\u00addu\u0148 il\u00adkin\u00adji Im\u00adpe\u00adra\u00adto\u00adry San Ped\u00adru San-Pau\u00adlu\u00adny\u0148 go\u00adla\u00ad\u00fdyn\u00adda Bra\u00adzi\u00adli\u00ad\u00fda im\u00adpe\u00adri\u00ad\u00fda\u00adsy\u00adny\u0148 esas\u00adlan\u00addy\u00adry\u00adlan\u00addy\u00adgy\u00adny m\u00e4\u00adlim ed\u00ad\u00fd\u00e4r. H\u00e4\u00adzir\u00adki wagt\u00adda 2003-mil\u00adli\u00adon t\u00f6\u00adwe\u00adre\u00adgi ila\u00adty bo\u00adlan Bra\u00adzi\u00adli\u00ad\u00fda 1889-njy \u00fdyl\u00adda Res\u00adpub\u00adli\u00adka bol\u00ad\u00fdar. La\u00adtyn Ame\u00adri\u00adka\u00adsy\u00adny\u0148 por\u00adtu\u00adgal dil\u00adli \u00fde\u00adke-t\u00e4k d\u00f6w\u00adle\u00adti bo\u00adlan Bra\u00adzi\u00adli\u00ad\u00fda\u00adda se\u00adbit\u00adle\u00ad\u00fdin yk\u00adrar edi\u00adlen 21 dil bar.<\/p>\n","protected":false},"author":2,"featured_media":86273,"comment_status":"open","ping_status":"closed","sticky":false,"template":"","format":"standard","meta":{"footnotes":""},"categories":[402],"tags":[],"acf":[],"_links":{"self":[{"href":"https:\/\/zamanturkmenistan.com.tm\/index.php?rest_route=\/wp\/v2\/posts\/86272"}],"collection":[{"href":"https:\/\/zamanturkmenistan.com.tm\/index.php?rest_route=\/wp\/v2\/posts"}],"about":[{"href":"https:\/\/zamanturkmenistan.com.tm\/index.php?rest_route=\/wp\/v2\/types\/post"}],"author":[{"embeddable":true,"href":"https:\/\/zamanturkmenistan.com.tm\/index.php?rest_route=\/wp\/v2\/users\/2"}],"replies":[{"embeddable":true,"href":"https:\/\/zamanturkmenistan.com.tm\/index.php?rest_route=%2Fwp%2Fv2%2Fcomments&post=86272"}],"version-history":[{"count":1,"href":"https:\/\/zamanturkmenistan.com.tm\/index.php?rest_route=\/wp\/v2\/posts\/86272\/revisions"}],"predecessor-version":[{"id":86274,"href":"https:\/\/zamanturkmenistan.com.tm\/index.php?rest_route=\/wp\/v2\/posts\/86272\/revisions\/86274"}],"wp:featuredmedia":[{"embeddable":true,"href":"https:\/\/zamanturkmenistan.com.tm\/index.php?rest_route=\/wp\/v2\/media\/86273"}],"wp:attachment":[{"href":"https:\/\/zamanturkmenistan.com.tm\/index.php?rest_route=%2Fwp%2Fv2%2Fmedia&parent=86272"}],"wp:term":[{"taxonomy":"category","embeddable":true,"href":"https:\/\/zamanturkmenistan.com.tm\/index.php?rest_route=%2Fwp%2Fv2%2Fcategories&post=86272"},{"taxonomy":"post_tag","embeddable":true,"href":"https:\/\/zamanturkmenistan.com.tm\/index.php?rest_route=%2Fwp%2Fv2%2Ftags&post=86272"}],"curies":[{"name":"wp","href":"https:\/\/api.w.org\/{rel}","templated":true}]}}