{"id":86575,"date":"2023-09-11T11:40:39","date_gmt":"2023-09-11T06:40:39","guid":{"rendered":"https:\/\/zamanturkmenistan.com.tm\/?p=86575"},"modified":"2023-09-11T11:40:39","modified_gmt":"2023-09-11T06:40:39","slug":"taze-kitap-nesir-edildi","status":"publish","type":"post","link":"https:\/\/zamanturkmenistan.com.tm\/?p=86575","title":{"rendered":"T\u00e4ze kitap ne\u015fir edildi"},"content":{"rendered":"<p>\u00dda\u00adkyn\u00adda Se\u00ad\u00fdit\u00adna\u00adzar Se\u00fd\u00addi adyn\u00adda\u00adky T\u00fcrk\u00admen d\u00f6w\u00adlet mu\u00adgal\u00adlym\u00ad\u00e7y\u00adlyk ins\u00adti\u00adtu\u00adty\u00adny\u0148 ka\u00adfed\u00adra m\u00fc\u00addi\u00adri, fi\u00adlo\u00adlo\u00adgi\u00ad\u00fda ylym\u00adla\u00adry\u00adny\u0148 dok\u00adto\u00adry Mu\u00adham\u00admet\u00adgu\u00adly Aman\u00ads\u00e4\u00adhe\u00addo\u00adwy\u0148 \u00abMag\u00adtym\u00adgu\u00adly Py\u00adra\u00adgy\u00adny\u0148 \u015fa\u00adhy\u00adra\u00adna \u015fah\u00adsy\u00ad\u00fde\u00adti\u00bb at\u00adly ki\u00adta\u00adby ne\u00ad\u015fir edil\u00addi. T\u00fcrk\u00admen d\u00f6w\u00adlet ne\u00ad\u015fir\u00ad\u00fdat gul\u00adlu\u00adgy ta\u00adra\u00adpyn\u00addan ne\u00ad\u015fir edi\u00adlen t\u00e4\u00adze ki\u00adtap 12 b\u00f6\u00adl\u00fcm\u00adden yba\u00adrat bo\u00adlup, on\u00adda akyl\u00addar \u015fa\u00adhy\u00adry\u00admyz Mag\u00adtym\u00adgu\u00adly Py\u00adra\u00adgy\u00adny\u0148 \u015fa\u00adhy\u00adra\u00adna d\u00fcn\u00ad\u00fd\u00e4\u00adsi a\u00e7y\u00adlyp g\u00f6r\u00adke\u00adzil\u00ad\u00fd\u00e4r.<br \/>\n2024-nji \u00fdyl\u00adda G\u00fcn\u00addo\u00adgar ede\u00adbi\u00ad\u00fda\u00adty\u00adny\u0148 par\u00adlak \u00fdyl\u00addy\u00adzy Mag\u00adtym\u00adgu\u00adly Py\u00adra\u00adgy\u00adny\u0148 dog\u00adlan g\u00fc\u00adn\u00fc\u00adni\u0148 300 \u00fdyl\u00adly\u00adgy\u00adny \u00fdo\u00adka\u00adry de\u00adre\u00adje\u00adde bel\u00adle\u00admek bo\u00ad\u00fdun\u00ad\u00e7a al\u00adnyp ba\u00adryl\u00ad\u00fdan i\u015f\u00adle\u00adri\u0148 \u00e7\u00e4k\u00adle\u00adrin\u00adde ne\u00ad\u015fir edi\u00adlen t\u00e4\u00adze ki\u00adtap alym\u00adlar, mag\u00adtym\u00adgu\u00adly\u00ad\u015fy\u00adnas\u00adlar, \u00fdo\u00adka\u00adry okuw mek\u00addep\u00adle\u00adri\u0148 mu\u00adgal\u00adlym\u00adla\u00adry\u00addyr ta\u00adlyp\u00adla\u00adry \u00fc\u00e7in \u00f6z\u00adbo\u00adlu\u015f\u00adly sow\u00adgat bol\u00addy. Aw\u00adto\u00adry\u0148 yl\u00admy bar\u00adlag\u00adla\u00adry halk d\u00f6\u00adre\u00addi\u00adji\u00adli\u00adgi\u00adni\u0148 we nus\u00adga\u00adwy ede\u00adbi\u00ad\u00fda\u00adty\u0148 \u00e7yl\u00ad\u015fy\u00adrym\u00adly me\u00adse\u00adle\u00adle\u00adri\u00adni \u00f6w\u00adren\u00admek \u00fc\u00e7in \u00f6z\u00adbo\u00adlu\u015f\u00adly \u00e7e\u015f\u00adme bo\u00adlup dur\u00ad\u00fdar.<br \/>\nAw\u00adtor t\u00e4\u00adze ki\u00adta\u00adby\u00adny\u0148 \u00fcs\u00adti bi\u00adlen Mag\u00adtym\u00adgu\u00adly Py\u00adra\u00adgy\u00adny\u0148 d\u00f6\u00adre\u00addi\u00adji\u00adli\u00adgi\u00adni d\u00fc\u00fdp\u00adli \u00f6w\u00adre\u00adnip, onu\u0148 \u00e7e\u00adper ru\u00adhy d\u00fcn\u00ad\u00fd\u00e4\u00adsi\u00adni na\u00adza\u00adry ta\u00fd\u00addan esas\u00adlan\u00addyr\u00adma\u00adgy, \u015fe\u00fd\u00adle-de \u015fa\u00adhy\u00adra\u00adna \u015fah\u00adsy\u00ad\u00fde\u00adti\u0148 ge\u00adri\u00admi\u00adni gi\u00ad\u0148elt\u00adme\u00adgi, onu\u0148 he\u00adre\u00adket me\u00fd\u00adda\u00adny\u00adny\u0148 \u00e7\u00e4k\u00adsiz\u00addi\u00adgi\u00adni my\u00adsal\u00adlar ar\u00adka\u00adly su\u00adbut et\u00adme\u00adgi ba\u00ad\u015fa\u00adryp\u00addyr.<\/p>\n","protected":false},"excerpt":{"rendered":"<p>\u00dda\u00adkyn\u00adda Se\u00ad\u00fdit\u00adna\u00adzar Se\u00fd\u00addi adyn\u00adda\u00adky T\u00fcrk\u00admen d\u00f6w\u00adlet mu\u00adgal\u00adlym\u00ad\u00e7y\u00adlyk ins\u00adti\u00adtu\u00adty\u00adny\u0148 ka\u00adfed\u00adra m\u00fc\u00addi\u00adri, fi\u00adlo\u00adlo\u00adgi\u00ad\u00fda ylym\u00adla\u00adry\u00adny\u0148 dok\u00adto\u00adry Mu\u00adham\u00admet\u00adgu\u00adly Aman\u00ads\u00e4\u00adhe\u00addo\u00adwy\u0148 \u00abMag\u00adtym\u00adgu\u00adly Py\u00adra\u00adgy\u00adny\u0148 \u015fa\u00adhy\u00adra\u00adna \u015fah\u00adsy\u00ad\u00fde\u00adti\u00bb at\u00adly ki\u00adta\u00adby ne\u00ad\u015fir edil\u00addi. T\u00fcrk\u00admen d\u00f6w\u00adlet ne\u00ad\u015fir\u00ad\u00fdat gul\u00adlu\u00adgy ta\u00adra\u00adpyn\u00addan ne\u00ad\u015fir edi\u00adlen t\u00e4\u00adze ki\u00adtap 12 b\u00f6\u00adl\u00fcm\u00adden yba\u00adrat bo\u00adlup, on\u00adda akyl\u00addar \u015fa\u00adhy\u00adry\u00admyz Mag\u00adtym\u00adgu\u00adly Py\u00adra\u00adgy\u00adny\u0148 \u015fa\u00adhy\u00adra\u00adna d\u00fcn\u00ad\u00fd\u00e4\u00adsi a\u00e7y\u00adlyp g\u00f6r\u00adke\u00adzil\u00ad\u00fd\u00e4r. 2024-nji \u00fdyl\u00adda G\u00fcn\u00addo\u00adgar ede\u00adbi\u00ad\u00fda\u00adty\u00adny\u0148 par\u00adlak \u00fdyl\u00addy\u00adzy Mag\u00adtym\u00adgu\u00adly Py\u00adra\u00adgy\u00adny\u0148 dog\u00adlan g\u00fc\u00adn\u00fc\u00adni\u0148 [&hellip;]<\/p>\n","protected":false},"author":2,"featured_media":86576,"comment_status":"open","ping_status":"closed","sticky":false,"template":"","format":"standard","meta":{"footnotes":""},"categories":[11,3],"tags":[],"acf":[],"_links":{"self":[{"href":"https:\/\/zamanturkmenistan.com.tm\/index.php?rest_route=\/wp\/v2\/posts\/86575"}],"collection":[{"href":"https:\/\/zamanturkmenistan.com.tm\/index.php?rest_route=\/wp\/v2\/posts"}],"about":[{"href":"https:\/\/zamanturkmenistan.com.tm\/index.php?rest_route=\/wp\/v2\/types\/post"}],"author":[{"embeddable":true,"href":"https:\/\/zamanturkmenistan.com.tm\/index.php?rest_route=\/wp\/v2\/users\/2"}],"replies":[{"embeddable":true,"href":"https:\/\/zamanturkmenistan.com.tm\/index.php?rest_route=%2Fwp%2Fv2%2Fcomments&post=86575"}],"version-history":[{"count":1,"href":"https:\/\/zamanturkmenistan.com.tm\/index.php?rest_route=\/wp\/v2\/posts\/86575\/revisions"}],"predecessor-version":[{"id":86577,"href":"https:\/\/zamanturkmenistan.com.tm\/index.php?rest_route=\/wp\/v2\/posts\/86575\/revisions\/86577"}],"wp:featuredmedia":[{"embeddable":true,"href":"https:\/\/zamanturkmenistan.com.tm\/index.php?rest_route=\/wp\/v2\/media\/86576"}],"wp:attachment":[{"href":"https:\/\/zamanturkmenistan.com.tm\/index.php?rest_route=%2Fwp%2Fv2%2Fmedia&parent=86575"}],"wp:term":[{"taxonomy":"category","embeddable":true,"href":"https:\/\/zamanturkmenistan.com.tm\/index.php?rest_route=%2Fwp%2Fv2%2Fcategories&post=86575"},{"taxonomy":"post_tag","embeddable":true,"href":"https:\/\/zamanturkmenistan.com.tm\/index.php?rest_route=%2Fwp%2Fv2%2Ftags&post=86575"}],"curies":[{"name":"wp","href":"https:\/\/api.w.org\/{rel}","templated":true}]}}