{"id":86769,"date":"2023-09-13T12:21:08","date_gmt":"2023-09-13T07:21:08","guid":{"rendered":"https:\/\/zamanturkmenistan.com.tm\/?p=86769"},"modified":"2023-09-13T12:24:45","modified_gmt":"2023-09-13T07:24:45","slug":"yaponiyanyn-hokumeti-tazeden-duzuler","status":"publish","type":"post","link":"https:\/\/zamanturkmenistan.com.tm\/?p=86769","title":{"rendered":"\u00ddaponi\u00fdany\u0148 h\u00f6k\u00fcmeti t\u00e4zeden d\u00fcz\u00fcler"},"content":{"rendered":"<p>\u00dda\u00adpo\u00adni\u00ad\u00fda\u00adda Mi\u00adnistr\u00adler Ka\u00adbi\u00adne\u00adti\u00adni\u0148 hem\u00adme\u00adsi i\u015fin\u00adden \u00e7e\u00adkil\u00addi. Prem\u00ad\u00fder-mi\u00adnistr Fu\u00admio Ki\u00adsi\u00adda mi\u00adnistr\u00adle\u00adri\u0148 ha\u00ad\u00fdy\u015f\u00adla\u00adry\u00adny ka\u00adbul et\u00addi.<br \/>\nKi\u00adsi\u00adda \u00fda\u00adkyn wagt\u00adda do\u00adlan\u00addy\u00adry\u00adjy koa\u00adli\u00adsi\u00ad\u00fda\u00adda\u00adky Li\u00adbe\u00adral-de\u00admok\u00adra\u00adtik par\u00adti\u00ad\u00fda\u00adny\u0148 hyz\u00admat\u00adda\u00ad\u015fy bo\u00adlan Ko\u00admei\u00adto par\u00adti\u00ad\u00fda\u00adsy\u00adny\u0148 ba\u015f\u00adly\u00adgy Nat\u00adsuo \u00dda\u00adma\u00adgu\u00adti bi\u00adlen du\u00ad\u015fu\u00ad\u015far. Sy\u00ad\u00fda\u00adsat\u00ad\u00e7y\u00adlar t\u00e4\u00adze Ka\u00adbi\u00adnet d\u00f6\u00adret\u00admek me\u00adse\u00adle\u00adsi\u00adni ara alyp mas\u00adla\u00adhat\u00adla\u00ad\u015far\u00adlar. Bu pro\u00adses ta\u00admam\u00adla\u00adnan\u00addan so\u0148 t\u00e4\u00adze mi\u00adnistr\u00adler \u00fd\u00f6\u00adri\u00adte da\u00adba\u00adra\u00adda \u00dda\u00adpo\u00adni\u00ad\u00fda\u00adny\u0148 Im\u00adpe\u00adra\u00adto\u00adry Na\u00adru\u00adhi\u00adto ta\u00adra\u00adpyn\u00addan tas\u00adsyk\u00adla\u00adnar.<br \/>\nT\u00e4\u00adze h\u00f6\u00adk\u00fc\u00admet\u00adde 19 mi\u00adnist\u00adri\u0148 13-si \u00e7al\u00ad\u015fy\u00adlyp, olar\u00addan 11-si il\u00adkin\u00adji ge\u00adzek we\u00adzi\u00adpe\u00adle\u00adri\u00adni alar di\u00fd\u00adlip ga\u00adra\u00ad\u015fyl\u00ad\u00fdar. B\u00e4\u015f we\u00adzi\u00adp\u00e4\u00adni bol\u00adsa, ze\u00adnan\u00adlar e\u00fde\u00adl\u00e4r.<\/p>\n","protected":false},"excerpt":{"rendered":"<p>\u00dda\u00adpo\u00adni\u00ad\u00fda\u00adda Mi\u00adnistr\u00adler Ka\u00adbi\u00adne\u00adti\u00adni\u0148 hem\u00adme\u00adsi i\u015fin\u00adden \u00e7e\u00adkil\u00addi. Prem\u00ad\u00fder-mi\u00adnistr Fu\u00admio Ki\u00adsi\u00adda mi\u00adnistr\u00adle\u00adri\u0148 ha\u00ad\u00fdy\u015f\u00adla\u00adry\u00adny ka\u00adbul et\u00addi. Ki\u00adsi\u00adda \u00fda\u00adkyn wagt\u00adda do\u00adlan\u00addy\u00adry\u00adjy koa\u00adli\u00adsi\u00ad\u00fda\u00adda\u00adky Li\u00adbe\u00adral-de\u00admok\u00adra\u00adtik par\u00adti\u00ad\u00fda\u00adny\u0148 hyz\u00admat\u00adda\u00ad\u015fy bo\u00adlan Ko\u00admei\u00adto par\u00adti\u00ad\u00fda\u00adsy\u00adny\u0148 ba\u015f\u00adly\u00adgy Nat\u00adsuo \u00dda\u00adma\u00adgu\u00adti bi\u00adlen du\u00ad\u015fu\u00ad\u015far. Sy\u00ad\u00fda\u00adsat\u00ad\u00e7y\u00adlar t\u00e4\u00adze Ka\u00adbi\u00adnet d\u00f6\u00adret\u00admek me\u00adse\u00adle\u00adsi\u00adni ara alyp mas\u00adla\u00adhat\u00adla\u00ad\u015far\u00adlar. Bu pro\u00adses ta\u00admam\u00adla\u00adnan\u00addan so\u0148 t\u00e4\u00adze mi\u00adnistr\u00adler \u00fd\u00f6\u00adri\u00adte da\u00adba\u00adra\u00adda \u00dda\u00adpo\u00adni\u00ad\u00fda\u00adny\u0148 Im\u00adpe\u00adra\u00adto\u00adry Na\u00adru\u00adhi\u00adto ta\u00adra\u00adpyn\u00addan tas\u00adsyk\u00adla\u00adnar. T\u00e4\u00adze h\u00f6\u00adk\u00fc\u00admet\u00adde 19 mi\u00adnist\u00adri\u0148 13-si [&hellip;]<\/p>\n","protected":false},"author":2,"featured_media":86770,"comment_status":"open","ping_status":"closed","sticky":false,"template":"","format":"standard","meta":{"footnotes":""},"categories":[5],"tags":[],"acf":[],"_links":{"self":[{"href":"https:\/\/zamanturkmenistan.com.tm\/index.php?rest_route=\/wp\/v2\/posts\/86769"}],"collection":[{"href":"https:\/\/zamanturkmenistan.com.tm\/index.php?rest_route=\/wp\/v2\/posts"}],"about":[{"href":"https:\/\/zamanturkmenistan.com.tm\/index.php?rest_route=\/wp\/v2\/types\/post"}],"author":[{"embeddable":true,"href":"https:\/\/zamanturkmenistan.com.tm\/index.php?rest_route=\/wp\/v2\/users\/2"}],"replies":[{"embeddable":true,"href":"https:\/\/zamanturkmenistan.com.tm\/index.php?rest_route=%2Fwp%2Fv2%2Fcomments&post=86769"}],"version-history":[{"count":1,"href":"https:\/\/zamanturkmenistan.com.tm\/index.php?rest_route=\/wp\/v2\/posts\/86769\/revisions"}],"predecessor-version":[{"id":86771,"href":"https:\/\/zamanturkmenistan.com.tm\/index.php?rest_route=\/wp\/v2\/posts\/86769\/revisions\/86771"}],"wp:featuredmedia":[{"embeddable":true,"href":"https:\/\/zamanturkmenistan.com.tm\/index.php?rest_route=\/wp\/v2\/media\/86770"}],"wp:attachment":[{"href":"https:\/\/zamanturkmenistan.com.tm\/index.php?rest_route=%2Fwp%2Fv2%2Fmedia&parent=86769"}],"wp:term":[{"taxonomy":"category","embeddable":true,"href":"https:\/\/zamanturkmenistan.com.tm\/index.php?rest_route=%2Fwp%2Fv2%2Fcategories&post=86769"},{"taxonomy":"post_tag","embeddable":true,"href":"https:\/\/zamanturkmenistan.com.tm\/index.php?rest_route=%2Fwp%2Fv2%2Ftags&post=86769"}],"curies":[{"name":"wp","href":"https:\/\/api.w.org\/{rel}","templated":true}]}}